{"id":2421,"date":"2012-06-03T17:21:35","date_gmt":"2012-06-03T17:21:35","guid":{"rendered":"http:\/\/www.demona.de\/blog\/?p=2421"},"modified":"2012-06-20T07:39:25","modified_gmt":"2012-06-20T07:39:25","slug":"sonntagliches-trailen-24","status":"publish","type":"post","link":"http:\/\/www.demona.de\/blog\/?p=2421","title":{"rendered":"Sonnt\u00e4gliches Trailen"},"content":{"rendered":"<p>Durch Urlaub, Arbeit und Umzug hatte sich unsere Trailgruppe drastisch verkleinert&#8230; War uns aber prinzipiell egal: man kann ja auch mal im kleinen Kreis trainieren! Meine Motivation sank aber in den Keller, als es bereits morgens regnete und auch f\u00fcr den Rest des Tages h\u00e4ufige Schauer angesagt waren. Da ich n\u00e4mlich eh ein bissel kr\u00e4nkelte, wollte ich ungern stundenlang durch Regen stapfen. So entschlossen wir uns, unsere Hunde zuhause zu lassen und nur Antjes Hunde kurz zu bespa\u00dfen.<\/p>\n<p>In Siegburg angekommen gab&#8217;s dann erst mal Schimpfe von der Guten&#8230; es passte ihr gar nicht, dass ich mich &#8222;rausgequ\u00e4lt&#8220; hatte und nur ihr zuliebe zum Training erschienen war. Pfff&#8230;. Die soll sich mal nicht so haben!<\/p>\n<p>So eine Trainingsgruppe, selbst wenn sie eine reine Spa\u00dfgruppe ist und privat organisiert wird, ist f\u00fcr mich auch immer eine Verpflichtung. Eine Verpflichtung, die ich <strong>gerne<\/strong> eingehe&#8230; eben weil mir das Trailen Spa\u00df macht&#8230; weil es die Hunde fordert&#8230; weil ich die anderen Teams mag&#8230; und weil ich gerne Zeit mit ihnen verbringe. Und wenn sich jemand einen Sonntag frei h\u00e4lt, dann lasse ich den Termin nur ungern platzen. Schluss Punkt Aus.<\/p>\n<p>Nach dem anf\u00e4nglichen &#8222;Gemurre&#8220; konnte es also losgehen, Paula trabte mal wieder hochmotiviert hinter der Spur her&#8230;und tappte auch nicht in die &#8222;Falle&#8220;, die wir ihrem Frauchen gestellt hatten.<br \/>\n<a href=\"http:\/\/www.demona.de\/blog\/wp-content\/uploads\/2011\/01\/80.gif\"><img loading=\"lazy\" decoding=\"async\" class=\"alignnone size-full wp-image-759\" title=\"zwinker\" src=\"http:\/\/www.demona.de\/blog\/wp-content\/uploads\/2011\/01\/80.gif\" alt=\"\" width=\"15\" height=\"15\" \/><\/a><br \/>\nLustig wurde es dann, als wir meinen Mann versteckten und ich ausnahmsweise mal M\u00e4x \u00fcbernahm. Der \u00fcberlegte ganz kurz, ob er mit mir nur spazierengehen sollte&#8230; entschloss sich aber doch zum Trailen!<br \/>\n<a href=\"http:\/\/www.demona.de\/blog\/wp-content\/uploads\/2011\/01\/a020.gif\"><img loading=\"lazy\" decoding=\"async\" class=\"alignnone size-full wp-image-640\" title=\"Daumen hoch\" src=\"http:\/\/www.demona.de\/blog\/wp-content\/uploads\/2011\/01\/a020.gif\" alt=\"\" width=\"23\" height=\"20\" \/><\/a><\/p>\n","protected":false},"excerpt":{"rendered":"<p>Durch Urlaub, Arbeit und Umzug hatte sich unsere Trailgruppe drastisch verkleinert&#8230; War uns aber prinzipiell egal: man kann ja auch mal im kleinen Kreis trainieren! Meine Motivation sank aber in den Keller, als es bereits morgens regnete und auch f\u00fcr den Rest des Tages h\u00e4ufige Schauer angesagt waren. Da ich n\u00e4mlich eh ein bissel kr\u00e4nkelte, [&hellip;]<\/p>\n","protected":false},"author":2,"featured_media":0,"comment_status":"open","ping_status":"closed","sticky":false,"template":"","format":"standard","meta":{"ngg_post_thumbnail":0,"footnotes":""},"categories":[4],"tags":[],"class_list":["post-2421","post","type-post","status-publish","format-standard","hentry","category-mantrailing"],"_links":{"self":[{"href":"http:\/\/www.demona.de\/blog\/index.php?rest_route=\/wp\/v2\/posts\/2421","targetHints":{"allow":["GET"]}}],"collection":[{"href":"http:\/\/www.demona.de\/blog\/index.php?rest_route=\/wp\/v2\/posts"}],"about":[{"href":"http:\/\/www.demona.de\/blog\/index.php?rest_route=\/wp\/v2\/types\/post"}],"author":[{"embeddable":true,"href":"http:\/\/www.demona.de\/blog\/index.php?rest_route=\/wp\/v2\/users\/2"}],"replies":[{"embeddable":true,"href":"http:\/\/www.demona.de\/blog\/index.php?rest_route=%2Fwp%2Fv2%2Fcomments&post=2421"}],"version-history":[{"count":3,"href":"http:\/\/www.demona.de\/blog\/index.php?rest_route=\/wp\/v2\/posts\/2421\/revisions"}],"predecessor-version":[{"id":2424,"href":"http:\/\/www.demona.de\/blog\/index.php?rest_route=\/wp\/v2\/posts\/2421\/revisions\/2424"}],"wp:attachment":[{"href":"http:\/\/www.demona.de\/blog\/index.php?rest_route=%2Fwp%2Fv2%2Fmedia&parent=2421"}],"wp:term":[{"taxonomy":"category","embeddable":true,"href":"http:\/\/www.demona.de\/blog\/index.php?rest_route=%2Fwp%2Fv2%2Fcategories&post=2421"},{"taxonomy":"post_tag","embeddable":true,"href":"http:\/\/www.demona.de\/blog\/index.php?rest_route=%2Fwp%2Fv2%2Ftags&post=2421"}],"curies":[{"name":"wp","href":"https:\/\/api.w.org\/{rel}","templated":true}]}}