{"id":2396,"date":"2012-05-22T17:39:37","date_gmt":"2012-05-22T17:39:37","guid":{"rendered":"http:\/\/www.demona.de\/blog\/?p=2396"},"modified":"2012-06-11T06:52:32","modified_gmt":"2012-06-11T06:52:32","slug":"outdoor-matratzen","status":"publish","type":"post","link":"http:\/\/www.demona.de\/blog\/?p=2396","title":{"rendered":"Outdoor-Matratzen"},"content":{"rendered":"<p>Durch eine Anfrage im Molosserforum bzgl. Outdoor-Matratzen aus Kunstleder wurde ich auf einen Shop aufmerksam, der sowohl f\u00fcr Privat- als auch Firmenkunden gute und g\u00fcnstige\u00a0Stoffe f\u00fcr Polster, Deko, M\u00f6bel, Auto, Camping, Boote, etc. anbietet: <a href=\"http:\/\/www.fortispolster.de\/\" target=\"_blank\">Fortis Polster<\/a><\/p>\n<p>Dort bestellte ich auch gleich zwei XL-Hundematten aus wasserabweisendem Kunstleder zu einem unschlagbar g\u00fcnstigen Preis. Online bezahlt, rubbeldizupp geliefert.<\/p>\n<p>F\u00fcr meine Leichtgewichte ist die Dicke der Matratzen vollkommen ausreichend und sie haben sie sofort angenommen. Leichte Regenschauer sind tats\u00e4chlich kein Problem, ich bring die Teile aber trotzdem immer in Sicherheit, weil ich bef\u00fcrchte, dass sich die eingesteppten N\u00e4hte mit Wasser vollsaugen w\u00fcrden und die Teile dann vor sich hingammeln. Da die Matratzen aber sch\u00f6n leicht sind, ist das \u00fcberhaupt kein Akt.<\/p>\n<p>Das Foto habe ich gleich am ersten Tag gemacht, als ich die Matratzen einfach nur raus auf die Decke geworfen habe. Mittlerweile liegen sie zuunterst und die Decke dr\u00fcber, damit die Matratzen nicht auseinanderrutschen und auch nicht von den Krallen &#8222;maltr\u00e4tiert&#8220; werden.<\/p>\n<p><a href=\"http:\/\/www.demona.de\/blog\/wp-content\/uploads\/2012\/06\/matratzen2.jpg\"><img loading=\"lazy\" decoding=\"async\" class=\"alignnone size-full wp-image-2397\" title=\"matratzen2\" src=\"http:\/\/www.demona.de\/blog\/wp-content\/uploads\/2012\/06\/matratzen2.jpg\" alt=\"\" width=\"450\" height=\"299\" srcset=\"http:\/\/www.demona.de\/blog\/wp-content\/uploads\/2012\/06\/matratzen2.jpg 450w, http:\/\/www.demona.de\/blog\/wp-content\/uploads\/2012\/06\/matratzen2-300x199.jpg 300w\" sizes=\"auto, (max-width: 450px) 100vw, 450px\" \/><\/a><\/p>\n<p>Jaaaaa&#8230; ich weiss, ich m\u00fcsste mich mal um&#8217;s Unkraut k\u00fcmmern.<br \/>\n<a href=\"http:\/\/www.demona.de\/blog\/wp-content\/uploads\/2011\/01\/biggrin.gif\"><img loading=\"lazy\" decoding=\"async\" class=\"alignnone size-full wp-image-705\" title=\"biggrin\" src=\"http:\/\/www.demona.de\/blog\/wp-content\/uploads\/2011\/01\/biggrin.gif\" alt=\"\" width=\"15\" height=\"15\" \/><\/a><\/p>\n<p>&nbsp;<\/p>\n","protected":false},"excerpt":{"rendered":"<p>Durch eine Anfrage im Molosserforum bzgl. Outdoor-Matratzen aus Kunstleder wurde ich auf einen Shop aufmerksam, der sowohl f\u00fcr Privat- als auch Firmenkunden gute und g\u00fcnstige\u00a0Stoffe f\u00fcr Polster, Deko, M\u00f6bel, Auto, Camping, Boote, etc. anbietet: Fortis Polster Dort bestellte ich auch gleich zwei XL-Hundematten aus wasserabweisendem Kunstleder zu einem unschlagbar g\u00fcnstigen Preis. Online bezahlt, rubbeldizupp geliefert. [&hellip;]<\/p>\n","protected":false},"author":2,"featured_media":0,"comment_status":"open","ping_status":"closed","sticky":false,"template":"","format":"standard","meta":{"ngg_post_thumbnail":0,"footnotes":""},"categories":[5],"tags":[],"class_list":["post-2396","post","type-post","status-publish","format-standard","hentry","category-wauzis"],"_links":{"self":[{"href":"http:\/\/www.demona.de\/blog\/index.php?rest_route=\/wp\/v2\/posts\/2396","targetHints":{"allow":["GET"]}}],"collection":[{"href":"http:\/\/www.demona.de\/blog\/index.php?rest_route=\/wp\/v2\/posts"}],"about":[{"href":"http:\/\/www.demona.de\/blog\/index.php?rest_route=\/wp\/v2\/types\/post"}],"author":[{"embeddable":true,"href":"http:\/\/www.demona.de\/blog\/index.php?rest_route=\/wp\/v2\/users\/2"}],"replies":[{"embeddable":true,"href":"http:\/\/www.demona.de\/blog\/index.php?rest_route=%2Fwp%2Fv2%2Fcomments&post=2396"}],"version-history":[{"count":2,"href":"http:\/\/www.demona.de\/blog\/index.php?rest_route=\/wp\/v2\/posts\/2396\/revisions"}],"predecessor-version":[{"id":2399,"href":"http:\/\/www.demona.de\/blog\/index.php?rest_route=\/wp\/v2\/posts\/2396\/revisions\/2399"}],"wp:attachment":[{"href":"http:\/\/www.demona.de\/blog\/index.php?rest_route=%2Fwp%2Fv2%2Fmedia&parent=2396"}],"wp:term":[{"taxonomy":"category","embeddable":true,"href":"http:\/\/www.demona.de\/blog\/index.php?rest_route=%2Fwp%2Fv2%2Fcategories&post=2396"},{"taxonomy":"post_tag","embeddable":true,"href":"http:\/\/www.demona.de\/blog\/index.php?rest_route=%2Fwp%2Fv2%2Ftags&post=2396"}],"curies":[{"name":"wp","href":"https:\/\/api.w.org\/{rel}","templated":true}]}}