{"id":236,"date":"2010-08-13T05:21:53","date_gmt":"2010-08-13T05:21:53","guid":{"rendered":"http:\/\/www.demona.de\/blog\/?p=236"},"modified":"2010-10-20T03:35:19","modified_gmt":"2010-10-20T03:35:19","slug":"soooo-nicht","status":"publish","type":"post","link":"http:\/\/www.demona.de\/blog\/?p=236","title":{"rendered":"Soooo nicht!"},"content":{"rendered":"<p>Simba ist und bleibt ein kleiner Drecksack. \ud83d\ude00<\/p>\n<p>Als er 2-j\u00e4hrig zu uns kam, zeigte er den M\u00e4dels gegen\u00fcber leichten Futterneid. Sprich: da wurde schon mal geknurrt, wenn er auf etwas besonders Leckerem herumkaute, oder er glaubte, sie durch einen strengen Blick und Murren von den Futtertonnen fernhalten zu k\u00f6nnen, wenn man die N\u00e4pfe f\u00fcllte.<\/p>\n<p>Da wir Chefs so etwas nicht dulden, legte er dieses Verhalten sehr schnell endg\u00fcltig ab. Dachten wir zumindest&#8230;<\/p>\n<p>Nach der k\u00fcrzlichen &#8222;Rudel&#8220;erweiterung meinte der kleine Dickkopf allen Ernstes, wieder mit der Ressourcenverteidigung beginnen zu k\u00f6nnen, wohl um die Neue einzunorden&#8230; die ihrerseits null Futterneid zeigt und sich auch jederzeit von ihrem vollen Futternapf wegschieben lassen w\u00fcrde.<\/p>\n<p>Simba wird zwar nicht massiv, aber wir unterbinden bereits minimale Anzeichen in diese Richtung. <strong>Wir<\/strong> verwalten alle wichtigen Ressourcen. Ohne Diskussion.<\/p>\n<p>Mal ein Beispiel: heute waren meine Eltern zum Grillen eingeladen. Wir sa\u00dfen auf der Terrasse, die Hunde lagen um uns herum. Nach dem Essen wuselten sie dann um uns rum, lie\u00dfen sich von &#8222;Oma und Opa&#8220; durchknuddeln, jeder bekam eine Kleinigkeit und alle standen dicht aneinandergedr\u00e4ngt zwischen den St\u00fchlen und bekamen ihre Streicheleinheiten.<\/p>\n<p>Pl\u00f6tzlich wurde Simbas Gesicht &#8222;streng&#8220;, als er Feli einen Seitenblick zuwarf, die quasi Wange an Wange neben ihm stand. Gleichzeitig zog er eine Lefze wenige Millimeter hoch.<\/p>\n<p>Dumm nur, dass ich direkt gegen\u00fcbersa\u00df und es sah&#8230;<\/p>\n<p>&#8222;Simba&#8230; rein.&#8220;<\/p>\n<p>Monsieur wusste sofort, was das zu bedeuten hatte. Trotzdem versuchte er, der Auszeit zu entgehen, indem er sich ganz schnell neben Vega auf die Terrasse legte und sein (fast) unwiderstehliches Babyface auflegte. Nicht mit mir. Eine ruhige, aber strenge Wiederholung des Signals, unterst\u00fctzt mit einem leichten Schubs gegen seinen dicken P\u00f6pes&#8230; und er trollte sich ins Haus. Gottergeben lag er nun in der Terrassent\u00fcr, legte seinen dicken Kopf in Falten und seufzte schwer.<\/p>\n<p><a href=\"http:\/\/www.demona.de\/blog\/wp-content\/uploads\/2010\/08\/auszeit.jpg\"><img loading=\"lazy\" decoding=\"async\" class=\"alignnone size-full wp-image-407\" title=\"auszeit\" src=\"http:\/\/www.demona.de\/blog\/wp-content\/uploads\/2010\/08\/auszeit.jpg\" alt=\"\" width=\"450\" height=\"299\" srcset=\"http:\/\/www.demona.de\/blog\/wp-content\/uploads\/2010\/08\/auszeit.jpg 450w, http:\/\/www.demona.de\/blog\/wp-content\/uploads\/2010\/08\/auszeit-300x199.jpg 300w\" sizes=\"auto, (max-width: 450px) 100vw, 450px\" \/><\/a><\/p>\n<p>Nach ca. 5 Minuten wurde er dann durch ein ruhiges Kommando erl\u00f6st, hopste sofort wild wedelnd hinaus, wuselte begeistert um Feli und mich herum, stupste sie sanft an und biss ihr &#8211; sich klein machend &#8211; spielerisch in die Lefze.<\/p>\n<p>Warten wir mal ab, wie oft wir noch einschreiten m\u00fcssen&#8230;. \ud83d\ude09<\/p>\n","protected":false},"excerpt":{"rendered":"<p>Simba ist und bleibt ein kleiner Drecksack. \ud83d\ude00 Als er 2-j\u00e4hrig zu uns kam, zeigte er den M\u00e4dels gegen\u00fcber leichten Futterneid. Sprich: da wurde schon mal geknurrt, wenn er auf etwas besonders Leckerem herumkaute, oder er glaubte, sie durch einen strengen Blick und Murren von den Futtertonnen fernhalten zu k\u00f6nnen, wenn man die N\u00e4pfe f\u00fcllte. [&hellip;]<\/p>\n","protected":false},"author":2,"featured_media":0,"comment_status":"open","ping_status":"closed","sticky":false,"template":"","format":"standard","meta":{"ngg_post_thumbnail":0,"footnotes":""},"categories":[5],"tags":[],"class_list":["post-236","post","type-post","status-publish","format-standard","hentry","category-wauzis"],"_links":{"self":[{"href":"http:\/\/www.demona.de\/blog\/index.php?rest_route=\/wp\/v2\/posts\/236","targetHints":{"allow":["GET"]}}],"collection":[{"href":"http:\/\/www.demona.de\/blog\/index.php?rest_route=\/wp\/v2\/posts"}],"about":[{"href":"http:\/\/www.demona.de\/blog\/index.php?rest_route=\/wp\/v2\/types\/post"}],"author":[{"embeddable":true,"href":"http:\/\/www.demona.de\/blog\/index.php?rest_route=\/wp\/v2\/users\/2"}],"replies":[{"embeddable":true,"href":"http:\/\/www.demona.de\/blog\/index.php?rest_route=%2Fwp%2Fv2%2Fcomments&post=236"}],"version-history":[{"count":5,"href":"http:\/\/www.demona.de\/blog\/index.php?rest_route=\/wp\/v2\/posts\/236\/revisions"}],"predecessor-version":[{"id":238,"href":"http:\/\/www.demona.de\/blog\/index.php?rest_route=\/wp\/v2\/posts\/236\/revisions\/238"}],"wp:attachment":[{"href":"http:\/\/www.demona.de\/blog\/index.php?rest_route=%2Fwp%2Fv2%2Fmedia&parent=236"}],"wp:term":[{"taxonomy":"category","embeddable":true,"href":"http:\/\/www.demona.de\/blog\/index.php?rest_route=%2Fwp%2Fv2%2Fcategories&post=236"},{"taxonomy":"post_tag","embeddable":true,"href":"http:\/\/www.demona.de\/blog\/index.php?rest_route=%2Fwp%2Fv2%2Ftags&post=236"}],"curies":[{"name":"wp","href":"https:\/\/api.w.org\/{rel}","templated":true}]}}