{"id":2267,"date":"2012-04-14T23:15:01","date_gmt":"2012-04-14T23:15:01","guid":{"rendered":"http:\/\/www.demona.de\/blog\/?p=2267"},"modified":"2012-04-25T09:42:52","modified_gmt":"2012-04-25T09:42:52","slug":"mantrailing-seminar-tag-2","status":"publish","type":"post","link":"http:\/\/www.demona.de\/blog\/?p=2267","title":{"rendered":"Mantrailing-Seminar, Tag 2"},"content":{"rendered":"<p>Heute ist genau das passiert, was man uns prophezeit hatte: &#8222;Karina ist tiefenentspannt und ihr trailt und trailt und trailt&#8230;&#8220;<br \/>\n<a href=\"http:\/\/www.demona.de\/blog\/wp-content\/uploads\/2011\/01\/biggrin.gif\"><img loading=\"lazy\" decoding=\"async\" class=\"alignnone size-full wp-image-705\" title=\"biggrin\" src=\"http:\/\/www.demona.de\/blog\/wp-content\/uploads\/2011\/01\/biggrin.gif\" alt=\"\" width=\"15\" height=\"15\" \/><\/a><br \/>\nMorgens um 9.00 Uhr ging es los und gegen 22.00 Uhr machten wir uns &#8211; nach ein paar Trails im Dunkeln &#8211; auf den Heimweg. Dazwischen wurden jede Menge Kilometer runtergerissen&#8230; uff!<\/p>\n<p>Trotzdem tat das unserer guten Laune keinen Abbruch: Karina ist eine extrem sympathische und lockere Frau, die eine unwahrscheinlich gute Beobachtungsgabe hat und alle Hunde mit extrem viel Motivation arbeitet. Ganz besonders angetan hatte es ihr aber Gremlin Paula, die mit Feuereifer bei der Sache war und zur Klassenstreberin ernannt wurde.<br \/>\n<a href=\"http:\/\/www.demona.de\/blog\/wp-content\/uploads\/2011\/01\/a055.gif\"><img loading=\"lazy\" decoding=\"async\" class=\"alignnone size-full wp-image-712\" title=\"lauthalslach\" src=\"http:\/\/www.demona.de\/blog\/wp-content\/uploads\/2011\/01\/a055.gif\" alt=\"\" width=\"15\" height=\"19\" \/><\/a><br \/>\nVega ist mit ihrem eher in sich ruhenden Wesen und der &#8222;Weisheit des Alters&#8220; etwas gem\u00fctlicher und vor allem kr\u00e4ftesparender unterwegs. Sie trailt schon recht lange und erledigt die ihr gestellten Aufgaben in der Regel sehr sicher und souver\u00e4n. \u00a0Und da ich das weiss, lasse ich sie kniffelige Trailabschnitte meist vollkommen selbstst\u00e4ndig l\u00f6sen, selbst wenn sie daf\u00fcr ein paar Minuten Bedenkzeit braucht&#8230;. und genau damit habe ich mir einen R\u00fcffel eingehandelt!<\/p>\n<p>Und das &#8222;Schlimme&#8220; ist: Karina hat vollkommen recht! Vega und ich sind ein <strong>Team<\/strong>&#8230; und ich sollte sie nicht im Regen stehen lassen, sondern aktiv mit ihr zusammenarbeiten, auf ihre Signale achten und entsprechend drauf reagieren.<\/p>\n<p>Auch habe ich gesehen, wie wichtig es ist, sehr viel \u00f6fter als im Training bei uns \u00fcblich <em>High Intensities<\/em>\u00a0einzulegen, um die Hunde mit viel Freude zu arbeiten, ihre Spannung zu steigern und damit ihr Durchhalteverm\u00f6gen zu st\u00e4rken.<\/p>\n<p>Zwischendurch kann man dann spezielle &#8222;Kopfn\u00fcsse&#8220; \u00fcben, wie z.B. ein angereiztes <em>Dead End.<\/em>\u00a0Hierbei rennt die VP mit Verabschiedung vom Hund weg, biegt um eine Ecke, l\u00e4uft ein ganzes St\u00fcck&#8230;.und wird mitten auf der Stra\u00dfe von einem Auto eingesammelt und weggefahren, so dass die Spur abrupt endet.<\/p>\n<p>Vega hat diese Aufgabe hervorragend gemeistert! Fiepend wartete sie auf den &#8222;Startschuss&#8220;, legte sich mit ordentlich Motivation ins Geschirr, rannte los&#8230;. und begann tats\u00e4chlich auf H\u00f6he der Telefonzelle, an der ihre VP abgeholt worden war, zu kreiseln. Zuerst checkte sie eine Einfahrt zu ihrer Linken, dann \u00fcberquerte sie die Stra\u00dfe, checkte die Einfahrt auf der rechten Seite, lief in einem Halbbogen um mich rum&#8230;.und nahm Blickkontakt zu mir auf. SUPER!<\/p>\n<p><a href=\"http:\/\/www.demona.de\/blog\/wp-content\/uploads\/2012\/04\/team.jpg\"><img loading=\"lazy\" decoding=\"async\" class=\"alignnone size-full wp-image-2268\" title=\"team\" src=\"http:\/\/www.demona.de\/blog\/wp-content\/uploads\/2012\/04\/team.jpg\" alt=\"\" width=\"450\" height=\"299\" srcset=\"http:\/\/www.demona.de\/blog\/wp-content\/uploads\/2012\/04\/team.jpg 450w, http:\/\/www.demona.de\/blog\/wp-content\/uploads\/2012\/04\/team-300x199.jpg 300w\" sizes=\"auto, (max-width: 450px) 100vw, 450px\" \/><\/a><\/p>\n","protected":false},"excerpt":{"rendered":"<p>Heute ist genau das passiert, was man uns prophezeit hatte: &#8222;Karina ist tiefenentspannt und ihr trailt und trailt und trailt&#8230;&#8220; Morgens um 9.00 Uhr ging es los und gegen 22.00 Uhr machten wir uns &#8211; nach ein paar Trails im Dunkeln &#8211; auf den Heimweg. Dazwischen wurden jede Menge Kilometer runtergerissen&#8230; uff! Trotzdem tat das [&hellip;]<\/p>\n","protected":false},"author":2,"featured_media":0,"comment_status":"open","ping_status":"closed","sticky":false,"template":"","format":"standard","meta":{"ngg_post_thumbnail":0,"footnotes":""},"categories":[4],"tags":[],"class_list":["post-2267","post","type-post","status-publish","format-standard","hentry","category-mantrailing"],"_links":{"self":[{"href":"http:\/\/www.demona.de\/blog\/index.php?rest_route=\/wp\/v2\/posts\/2267","targetHints":{"allow":["GET"]}}],"collection":[{"href":"http:\/\/www.demona.de\/blog\/index.php?rest_route=\/wp\/v2\/posts"}],"about":[{"href":"http:\/\/www.demona.de\/blog\/index.php?rest_route=\/wp\/v2\/types\/post"}],"author":[{"embeddable":true,"href":"http:\/\/www.demona.de\/blog\/index.php?rest_route=\/wp\/v2\/users\/2"}],"replies":[{"embeddable":true,"href":"http:\/\/www.demona.de\/blog\/index.php?rest_route=%2Fwp%2Fv2%2Fcomments&post=2267"}],"version-history":[{"count":3,"href":"http:\/\/www.demona.de\/blog\/index.php?rest_route=\/wp\/v2\/posts\/2267\/revisions"}],"predecessor-version":[{"id":2271,"href":"http:\/\/www.demona.de\/blog\/index.php?rest_route=\/wp\/v2\/posts\/2267\/revisions\/2271"}],"wp:attachment":[{"href":"http:\/\/www.demona.de\/blog\/index.php?rest_route=%2Fwp%2Fv2%2Fmedia&parent=2267"}],"wp:term":[{"taxonomy":"category","embeddable":true,"href":"http:\/\/www.demona.de\/blog\/index.php?rest_route=%2Fwp%2Fv2%2Fcategories&post=2267"},{"taxonomy":"post_tag","embeddable":true,"href":"http:\/\/www.demona.de\/blog\/index.php?rest_route=%2Fwp%2Fv2%2Ftags&post=2267"}],"curies":[{"name":"wp","href":"https:\/\/api.w.org\/{rel}","templated":true}]}}