{"id":2262,"date":"2012-04-13T23:05:10","date_gmt":"2012-04-13T23:05:10","guid":{"rendered":"http:\/\/www.demona.de\/blog\/?p=2262"},"modified":"2012-04-25T06:30:59","modified_gmt":"2012-04-25T06:30:59","slug":"mantrailing-seminar","status":"publish","type":"post","link":"http:\/\/www.demona.de\/blog\/?p=2262","title":{"rendered":"Mantrailing Seminar"},"content":{"rendered":"<p>Nachdem ein Team aus unserer Hobbygruppe bei einem Fotowettbewerb ein Seminar bei der <a href=\"http:\/\/www.mantrailen.at\/\" target=\"_blank\">Mantrailing Academy Austria<\/a> in Wien gewonnen hatte, kamen die Jungs so enthusiastisch zur\u00fcck, dass sie sich gleich dazu entschlossen hatten, mit der Trainerin Karina Kalks ein Seminar in K\u00f6ln zu organisieren.<\/p>\n<p>Da ich gerne dazulerne und mich freue, auch mal jemanden zu haben, der <strong>mir<\/strong> auf die Finger guckt, hatte ich mich gleich mit Vega angemeldet.<\/p>\n<p>An diesem Wochenende war es soweit: \u00a0Von unserer Gruppe waren gleich 4 Teams angetreten, au\u00dferdem nahmen noch 3 Teams von den <a href=\"http:\/\/www.mantrailer-rhein-sieg.de\" target=\"_blank\">Mantrailern Rhein-Sieg<\/a> teil.<\/p>\n<p>Das Seminar begann in einem urigen Landgasthof mit einer netten Kennenlernrunde. Da wir alle fortgeschrittene Trailer waren, wurde auf den ansonsten \u00fcblichen Theorieteil verzichtet (es gab aber trotzdem noch ein Hand-Out mit einer ausf\u00fchrlichen Einf\u00fchrung). Stattdessen wurde in gem\u00fctlichem Plauderton gefachsimpelt, wurden Erfahrungen ausgetauscht, Fragen gestellt, Geschichten erz\u00e4hlt und anschlie\u00dfend lecker zu Abend gegessen.<\/p>\n<p>F\u00fcr die Hunde gab es erst mal &#8222;nur&#8220; drei kleine angeheizte Trails, damit Karina sie kennenlernen und ein bissen besser einsch\u00e4tzen konnte.<\/p>\n<p>Ein lockerer Start, daf\u00fcr sollten die kommenden Tage umso anstrengender werden.<br \/>\n<a href=\"http:\/\/www.demona.de\/blog\/wp-content\/uploads\/2011\/01\/80.gif\"><img loading=\"lazy\" decoding=\"async\" class=\"alignnone size-full wp-image-759\" title=\"zwinker\" src=\"http:\/\/www.demona.de\/blog\/wp-content\/uploads\/2011\/01\/80.gif\" alt=\"\" width=\"15\" height=\"15\" \/><\/a><\/p>\n","protected":false},"excerpt":{"rendered":"<p>Nachdem ein Team aus unserer Hobbygruppe bei einem Fotowettbewerb ein Seminar bei der Mantrailing Academy Austria in Wien gewonnen hatte, kamen die Jungs so enthusiastisch zur\u00fcck, dass sie sich gleich dazu entschlossen hatten, mit der Trainerin Karina Kalks ein Seminar in K\u00f6ln zu organisieren. Da ich gerne dazulerne und mich freue, auch mal jemanden zu [&hellip;]<\/p>\n","protected":false},"author":2,"featured_media":0,"comment_status":"open","ping_status":"closed","sticky":false,"template":"","format":"standard","meta":{"ngg_post_thumbnail":0,"footnotes":""},"categories":[4],"tags":[],"class_list":["post-2262","post","type-post","status-publish","format-standard","hentry","category-mantrailing"],"_links":{"self":[{"href":"http:\/\/www.demona.de\/blog\/index.php?rest_route=\/wp\/v2\/posts\/2262","targetHints":{"allow":["GET"]}}],"collection":[{"href":"http:\/\/www.demona.de\/blog\/index.php?rest_route=\/wp\/v2\/posts"}],"about":[{"href":"http:\/\/www.demona.de\/blog\/index.php?rest_route=\/wp\/v2\/types\/post"}],"author":[{"embeddable":true,"href":"http:\/\/www.demona.de\/blog\/index.php?rest_route=\/wp\/v2\/users\/2"}],"replies":[{"embeddable":true,"href":"http:\/\/www.demona.de\/blog\/index.php?rest_route=%2Fwp%2Fv2%2Fcomments&post=2262"}],"version-history":[{"count":3,"href":"http:\/\/www.demona.de\/blog\/index.php?rest_route=\/wp\/v2\/posts\/2262\/revisions"}],"predecessor-version":[{"id":2265,"href":"http:\/\/www.demona.de\/blog\/index.php?rest_route=\/wp\/v2\/posts\/2262\/revisions\/2265"}],"wp:attachment":[{"href":"http:\/\/www.demona.de\/blog\/index.php?rest_route=%2Fwp%2Fv2%2Fmedia&parent=2262"}],"wp:term":[{"taxonomy":"category","embeddable":true,"href":"http:\/\/www.demona.de\/blog\/index.php?rest_route=%2Fwp%2Fv2%2Fcategories&post=2262"},{"taxonomy":"post_tag","embeddable":true,"href":"http:\/\/www.demona.de\/blog\/index.php?rest_route=%2Fwp%2Fv2%2Ftags&post=2262"}],"curies":[{"name":"wp","href":"https:\/\/api.w.org\/{rel}","templated":true}]}}