{"id":1501,"date":"2011-10-02T14:22:45","date_gmt":"2011-10-02T14:22:45","guid":{"rendered":"http:\/\/www.demona.de\/blog\/?p=1501"},"modified":"2011-10-03T04:23:14","modified_gmt":"2011-10-03T04:23:14","slug":"sonntagliches-trailen-9","status":"publish","type":"post","link":"http:\/\/www.demona.de\/blog\/?p=1501","title":{"rendered":"sonnt\u00e4gliches Trailen"},"content":{"rendered":"<p>Auch wenn wir uns zeitweise immer noch wie gel\u00e4hmt f\u00fchlen und uns die Tr\u00e4nen \u00fcbermannen, so geht das Leben doch weiter und es kehrt langsam so etwas wie Normalit\u00e4t bei uns ein. Bestes Zeichen daf\u00fcr: seit Freitag haben unsere Hunde wieder ihr morgendliches Begr\u00fc\u00dfungsritual aufgenommen, das nach Felis Tod eingestellt worden war.<\/p>\n<p>Von daher trafen wir uns heute auch wieder zum Mantrailing und nahmen das verbliebene Trio mit&#8230; da unser Grauschn\u00fctchen mit den Wartezeiten im Auto nicht zurechtgekommen war, hatten wir sie in der Vergangenheit ja immer zuhause lassen m\u00fcssen und ihr als Gesellschaft entweder ihre Tochter Vega oder den Simbelbimbel \u00a0dagelassen. Ein Kompromiss, um allen vier Hunden wenigstens halbwegs gerecht zu werden. *seufz*<\/p>\n<p>Doch genug der traurigen Erinnerungen:<\/p>\n<p>Da wir mittlerweile wieder 2 neue Teams dabei haben, die Vega bisher nicht kannte, ergriffen wir die Gelegenheit zu einem Pet-Trail mit fremdem Hund: dem jungen Weimaraner Paul.<\/p>\n<p>Trailverlauf: <a href=\"http:\/\/www.gmap-pedometer.com\/?r=5119329\" target=\"_blank\">http:\/\/www.gmap-pedometer.com\/?r=5119329<\/a><\/p>\n<p>Traill\u00e4nge: 290 m, 8 Abzweigungen, Schwierigkeit: fremder Hund und fremder Hundef\u00fchrer<\/p>\n<p>Angesetzt wurde Vega an dem Hundekissen, auf dem Paul im &#8222;seinem&#8220; Kofferraum gelegen hatte. Wie erwartet nahm sie seinen Geruch sehr intensiv auf und startete absolut sicher, obwohl sich der nun gesuchte Hund ein halbe Stunde zuvor zum L\u00f6sen entlang des Fu\u00dfg\u00e4ngerwegs vor- und zur\u00fcckbewegt hatte.<\/p>\n<p>In ihrer gewohnt ruhigen und energiesparenden Art trabte Vega \u00fcber das Schulgel\u00e4nde und zeigte unterwegs die drei Scentpools max. durch ein kurzes Z\u00f6gern \/ Kopfwenden an. An der vorletzten Abzweigung arbeitete sie sich nicht quer \u00fcber die gro\u00dfe Fl\u00e4che, sondern am Geb\u00e4ude entlang zur richtigen Treppe vor, trippelte flugs hinunter, bog nach links ab&#8230;. und &#8222;prallte&#8220; zur Seite, weil sie quasi direkt vor dem gesuchten Hund gelandet war.<\/p>\n<p>So ihrer gewohnten Anzeige beraubt, wirkte sie extrem irritiert, rannte zur\u00fcck, fiepte, sch\u00fcttelte sich, lief einen kleinen Kreis und landete schlie\u00dflich vor dem Back-Up, der ihre Futtertube in der Hand hielt. Schlie\u00dflich &#8222;ermahnte&#8220; ich sie leise, woraufhin sie zu mir lief und endlich das gew\u00fcnschte Vorsitz zeigte.<\/p>\n<p>Anschlie\u00dfend wurde sie abgeleint und durfte den Jungspund ein bissel scheuchen.<br \/>\n<a href=\"http:\/\/www.demona.de\/blog\/wp-content\/uploads\/2011\/05\/kicher.gif\"><img loading=\"lazy\" decoding=\"async\" class=\"alignnone size-full wp-image-1114\" title=\"kicher\" src=\"http:\/\/www.demona.de\/blog\/wp-content\/uploads\/2011\/05\/kicher.gif\" alt=\"\" width=\"15\" height=\"15\" \/><\/a><\/p>\n","protected":false},"excerpt":{"rendered":"<p>Auch wenn wir uns zeitweise immer noch wie gel\u00e4hmt f\u00fchlen und uns die Tr\u00e4nen \u00fcbermannen, so geht das Leben doch weiter und es kehrt langsam so etwas wie Normalit\u00e4t bei uns ein. Bestes Zeichen daf\u00fcr: seit Freitag haben unsere Hunde wieder ihr morgendliches Begr\u00fc\u00dfungsritual aufgenommen, das nach Felis Tod eingestellt worden war. Von daher trafen [&hellip;]<\/p>\n","protected":false},"author":2,"featured_media":0,"comment_status":"open","ping_status":"closed","sticky":false,"template":"","format":"standard","meta":{"ngg_post_thumbnail":0,"footnotes":""},"categories":[4],"tags":[],"class_list":["post-1501","post","type-post","status-publish","format-standard","hentry","category-mantrailing"],"_links":{"self":[{"href":"http:\/\/www.demona.de\/blog\/index.php?rest_route=\/wp\/v2\/posts\/1501","targetHints":{"allow":["GET"]}}],"collection":[{"href":"http:\/\/www.demona.de\/blog\/index.php?rest_route=\/wp\/v2\/posts"}],"about":[{"href":"http:\/\/www.demona.de\/blog\/index.php?rest_route=\/wp\/v2\/types\/post"}],"author":[{"embeddable":true,"href":"http:\/\/www.demona.de\/blog\/index.php?rest_route=\/wp\/v2\/users\/2"}],"replies":[{"embeddable":true,"href":"http:\/\/www.demona.de\/blog\/index.php?rest_route=%2Fwp%2Fv2%2Fcomments&post=1501"}],"version-history":[{"count":3,"href":"http:\/\/www.demona.de\/blog\/index.php?rest_route=\/wp\/v2\/posts\/1501\/revisions"}],"predecessor-version":[{"id":1504,"href":"http:\/\/www.demona.de\/blog\/index.php?rest_route=\/wp\/v2\/posts\/1501\/revisions\/1504"}],"wp:attachment":[{"href":"http:\/\/www.demona.de\/blog\/index.php?rest_route=%2Fwp%2Fv2%2Fmedia&parent=1501"}],"wp:term":[{"taxonomy":"category","embeddable":true,"href":"http:\/\/www.demona.de\/blog\/index.php?rest_route=%2Fwp%2Fv2%2Fcategories&post=1501"},{"taxonomy":"post_tag","embeddable":true,"href":"http:\/\/www.demona.de\/blog\/index.php?rest_route=%2Fwp%2Fv2%2Ftags&post=1501"}],"curies":[{"name":"wp","href":"https:\/\/api.w.org\/{rel}","templated":true}]}}