{"id":1388,"date":"2011-08-22T21:55:23","date_gmt":"2011-08-22T21:55:23","guid":{"rendered":"http:\/\/www.demona.de\/blog\/?p=1388"},"modified":"2011-08-29T11:01:32","modified_gmt":"2011-08-29T11:01:32","slug":"farewell-felina","status":"publish","type":"post","link":"http:\/\/www.demona.de\/blog\/?p=1388","title":{"rendered":"Farewell, Felina!"},"content":{"rendered":"<p>Leider hat sich diese wundervolle Sch\u00e4ferh\u00fcndin im hohen Alter nicht mehr von einem Bandscheibenvorfall erholt und ging in den Hundehimmel voraus.<\/p>\n<p><a href=\"http:\/\/www.demona.de\/blog\/wp-content\/uploads\/2011\/08\/felina.jpg\"><img loading=\"lazy\" decoding=\"async\" class=\"alignnone size-full wp-image-1389\" title=\"felina\" src=\"http:\/\/www.demona.de\/blog\/wp-content\/uploads\/2011\/08\/felina.jpg\" alt=\"\" width=\"450\" height=\"300\" srcset=\"http:\/\/www.demona.de\/blog\/wp-content\/uploads\/2011\/08\/felina.jpg 450w, http:\/\/www.demona.de\/blog\/wp-content\/uploads\/2011\/08\/felina-300x200.jpg 300w\" sizes=\"auto, (max-width: 450px) 100vw, 450px\" \/><\/a><\/p>\n<p>Felina war eine tolle H\u00fcndin&#8230;. so abgekl\u00e4rt und souver\u00e4n. Auch wenn ich sie nicht gut kannte, wird sie mir doch immer als tolle Co-Therapeutin in Erinnerung bleiben, die die Patienten ihres Frauchens (der Hundephysiotherapeutin unseres Vertrauens) mit ihrer Gelassenheit ansteckte. Nie werde ich vergessen, wie sie R\u00fccken an R\u00fccken mit Vega auf der Magnetfeldmatte lag, w\u00e4hrend mein M\u00e4del durchgeknetet wurde&#8230; und dabei einschlief. *l\u00e4chel*<\/p>\n<p>Ich winke der S\u00fc\u00dfen noch einmal zum Abschied und hoffe, dass sie gut \u00fcber die Regenbogenbr\u00fccke gekommen ist.<\/p>\n<p>Meine Gedanken sind bei ihrem traurigen Frauchen und der s\u00fc\u00dfen Jennice, die nun alleine zur\u00fcckgeblieben ist.<\/p>\n","protected":false},"excerpt":{"rendered":"<p>Leider hat sich diese wundervolle Sch\u00e4ferh\u00fcndin im hohen Alter nicht mehr von einem Bandscheibenvorfall erholt und ging in den Hundehimmel voraus. Felina war eine tolle H\u00fcndin&#8230;. so abgekl\u00e4rt und souver\u00e4n. Auch wenn ich sie nicht gut kannte, wird sie mir doch immer als tolle Co-Therapeutin in Erinnerung bleiben, die die Patienten ihres Frauchens (der Hundephysiotherapeutin [&hellip;]<\/p>\n","protected":false},"author":2,"featured_media":0,"comment_status":"open","ping_status":"closed","sticky":false,"template":"","format":"standard","meta":{"ngg_post_thumbnail":0,"footnotes":""},"categories":[8],"tags":[],"class_list":["post-1388","post","type-post","status-publish","format-standard","hentry","category-regenbogenbrucke"],"_links":{"self":[{"href":"http:\/\/www.demona.de\/blog\/index.php?rest_route=\/wp\/v2\/posts\/1388","targetHints":{"allow":["GET"]}}],"collection":[{"href":"http:\/\/www.demona.de\/blog\/index.php?rest_route=\/wp\/v2\/posts"}],"about":[{"href":"http:\/\/www.demona.de\/blog\/index.php?rest_route=\/wp\/v2\/types\/post"}],"author":[{"embeddable":true,"href":"http:\/\/www.demona.de\/blog\/index.php?rest_route=\/wp\/v2\/users\/2"}],"replies":[{"embeddable":true,"href":"http:\/\/www.demona.de\/blog\/index.php?rest_route=%2Fwp%2Fv2%2Fcomments&post=1388"}],"version-history":[{"count":3,"href":"http:\/\/www.demona.de\/blog\/index.php?rest_route=\/wp\/v2\/posts\/1388\/revisions"}],"predecessor-version":[{"id":1392,"href":"http:\/\/www.demona.de\/blog\/index.php?rest_route=\/wp\/v2\/posts\/1388\/revisions\/1392"}],"wp:attachment":[{"href":"http:\/\/www.demona.de\/blog\/index.php?rest_route=%2Fwp%2Fv2%2Fmedia&parent=1388"}],"wp:term":[{"taxonomy":"category","embeddable":true,"href":"http:\/\/www.demona.de\/blog\/index.php?rest_route=%2Fwp%2Fv2%2Fcategories&post=1388"},{"taxonomy":"post_tag","embeddable":true,"href":"http:\/\/www.demona.de\/blog\/index.php?rest_route=%2Fwp%2Fv2%2Ftags&post=1388"}],"curies":[{"name":"wp","href":"https:\/\/api.w.org\/{rel}","templated":true}]}}