{"id":1287,"date":"2011-07-26T11:53:58","date_gmt":"2011-07-26T11:53:58","guid":{"rendered":"http:\/\/www.demona.de\/blog\/?p=1287"},"modified":"2011-08-02T12:12:59","modified_gmt":"2011-08-02T12:12:59","slug":"good-bye-molly","status":"publish","type":"post","link":"http:\/\/www.demona.de\/blog\/?p=1287","title":{"rendered":"Good bye, Molly!"},"content":{"rendered":"<p>Wir werden dich nie vergessen, kleine Samtschnute!<\/p>\n<p><a href=\"http:\/\/www.demona.de\/blog\/wp-content\/uploads\/2011\/08\/molly2.jpg\"><img loading=\"lazy\" decoding=\"async\" class=\"alignnone size-full wp-image-1288\" title=\"molly2\" src=\"http:\/\/www.demona.de\/blog\/wp-content\/uploads\/2011\/08\/molly2.jpg\" alt=\"\" width=\"450\" height=\"321\" srcset=\"http:\/\/www.demona.de\/blog\/wp-content\/uploads\/2011\/08\/molly2.jpg 450w, http:\/\/www.demona.de\/blog\/wp-content\/uploads\/2011\/08\/molly2-300x214.jpg 300w\" sizes=\"auto, (max-width: 450px) 100vw, 450px\" \/><\/a><\/p>\n<p><a href=\"http:\/\/www.demona.de\/blog\/wp-content\/uploads\/2011\/08\/molly2.jpg\"><\/a>Auch wenn wir wussten, dass Molly sehr krank war und dass der endg\u00fcltige Abschied immer n\u00e4her kam, \u00a0hatte mir der letzte gemeinsame Spaziergang Ende Juni Mut gemacht: \u00a0sie hatte sich geweigert, getragen zu werden&#8230; war stattdessen mit all den gro\u00dfen Hunden tapfer mitgestapft&#8230; hatte aus aufgeweckten und munteren \u00c4uglein in die Runde geschaut&#8230; und war &#8211; wie \u00fcblich &#8211; unglaublich nett und charmant gewesen.<br \/>\nDoch dann kam das Ende doch fr\u00fcher als gedacht.\u00a0<a href=\"http:\/\/www.demona.de\/blog\/wp-content\/uploads\/2011\/02\/d015.gif\"><img loading=\"lazy\" decoding=\"async\" class=\"alignnone size-full wp-image-786\" title=\"traurig\" src=\"http:\/\/www.demona.de\/blog\/wp-content\/uploads\/2011\/02\/d015.gif\" alt=\"\" width=\"15\" height=\"17\" \/><\/a><\/p>\n<p>Letztendlich beendete nicht ein weiterer schwerer Krampfanfall ihr Leben, sondern ein hochaggressiver Milztumor. Gl\u00fccklicherweise musste Molly nicht leiden, sondern durfte ganz sanft und v\u00f6llig entspannt in den Armen ihrer geliebten Menschen einschlafen.<\/p>\n<p>Wir f\u00fchlen mit euch und w\u00fcnschen euch viel Kraft!<\/p>\n","protected":false},"excerpt":{"rendered":"<p>Wir werden dich nie vergessen, kleine Samtschnute! Auch wenn wir wussten, dass Molly sehr krank war und dass der endg\u00fcltige Abschied immer n\u00e4her kam, \u00a0hatte mir der letzte gemeinsame Spaziergang Ende Juni Mut gemacht: \u00a0sie hatte sich geweigert, getragen zu werden&#8230; war stattdessen mit all den gro\u00dfen Hunden tapfer mitgestapft&#8230; hatte aus aufgeweckten und munteren [&hellip;]<\/p>\n","protected":false},"author":2,"featured_media":0,"comment_status":"open","ping_status":"closed","sticky":false,"template":"","format":"standard","meta":{"ngg_post_thumbnail":0,"footnotes":""},"categories":[8],"tags":[],"class_list":["post-1287","post","type-post","status-publish","format-standard","hentry","category-regenbogenbrucke"],"_links":{"self":[{"href":"http:\/\/www.demona.de\/blog\/index.php?rest_route=\/wp\/v2\/posts\/1287","targetHints":{"allow":["GET"]}}],"collection":[{"href":"http:\/\/www.demona.de\/blog\/index.php?rest_route=\/wp\/v2\/posts"}],"about":[{"href":"http:\/\/www.demona.de\/blog\/index.php?rest_route=\/wp\/v2\/types\/post"}],"author":[{"embeddable":true,"href":"http:\/\/www.demona.de\/blog\/index.php?rest_route=\/wp\/v2\/users\/2"}],"replies":[{"embeddable":true,"href":"http:\/\/www.demona.de\/blog\/index.php?rest_route=%2Fwp%2Fv2%2Fcomments&post=1287"}],"version-history":[{"count":2,"href":"http:\/\/www.demona.de\/blog\/index.php?rest_route=\/wp\/v2\/posts\/1287\/revisions"}],"predecessor-version":[{"id":1290,"href":"http:\/\/www.demona.de\/blog\/index.php?rest_route=\/wp\/v2\/posts\/1287\/revisions\/1290"}],"wp:attachment":[{"href":"http:\/\/www.demona.de\/blog\/index.php?rest_route=%2Fwp%2Fv2%2Fmedia&parent=1287"}],"wp:term":[{"taxonomy":"category","embeddable":true,"href":"http:\/\/www.demona.de\/blog\/index.php?rest_route=%2Fwp%2Fv2%2Fcategories&post=1287"},{"taxonomy":"post_tag","embeddable":true,"href":"http:\/\/www.demona.de\/blog\/index.php?rest_route=%2Fwp%2Fv2%2Ftags&post=1287"}],"curies":[{"name":"wp","href":"https:\/\/api.w.org\/{rel}","templated":true}]}}