{"id":12614,"date":"2026-04-23T06:22:41","date_gmt":"2026-04-23T06:22:41","guid":{"rendered":"http:\/\/www.demona.de\/blog\/?p=12614"},"modified":"2026-04-29T06:25:20","modified_gmt":"2026-04-29T06:25:20","slug":"happy-birthday-sofia-2","status":"publish","type":"post","link":"http:\/\/www.demona.de\/blog\/?p=12614","title":{"rendered":"Happy Birthday, Sofia!"},"content":{"rendered":"<p>Unglaublich, aber wahr&#8230;. falls die damalige Einsch\u00e4tzung des spanischen Tierheims einigerma\u00dfen stimmte, m\u00fcsste unser Sofichen mittlerweile unglaubliche 14 Jahre alt sein! <img loading=\"lazy\" decoding=\"async\" class=\"alignnone size-full wp-image-716\" src=\"http:\/\/www.demona.de\/blog\/wp-content\/uploads\/2011\/01\/fa6f4fc0dac72965263ae8d8f88127b3.png\" alt=\"\" width=\"16\" height=\"16\"><\/p>\n<p>Durch den hohen Wei\u00dfanteil in ihrem Gesicht sieht man kaum, dass sie langsam ergraut&#8230; und durch die schlackernden Ohren und die dicken tapsigen Pfoten, ihrem t\u00e4nzelnden Schritt und dem Leuchten in ihren Augen merkt man ihr das Alter nicht wirklich an.&nbsp;<\/p>\n<p>K\u00f6rperlich ist Sofia noch echt gut beieinander: sie ist mit einem Herzmedikament bestens eingestellt, hat orthop\u00e4disch keine Probleme und ist fast immer gut gelaunt und zum Spielen aufgelegt. Tats\u00e4chlich gehen die Spielaufforderungen immer von ihr aus&#8230; sie rennt los, rempelt Emilia oder Balisto an und freut sich wie bolle, wenn die dann mitrennen und um sie rumhopsen.<br \/>\n<img loading=\"lazy\" decoding=\"async\" class=\"alignnone size-full wp-image-640\" src=\"http:\/\/www.demona.de\/blog\/wp-content\/uploads\/2011\/01\/a020.gif\" alt=\"\" width=\"23\" height=\"20\"> &nbsp;&nbsp;<br \/>\nWenn man aber genauer hinschaut, sieht man doch, dass die S\u00fc\u00dfe schon \u00e4lter ist: sie wird schnell m\u00fcde und muss sich vor allem bei h\u00f6heren Temperaturen (also ab 12 \u00b0C) und nach ihren wilden 5 Minuten hinlegen und ausruhen, sie wirkt oft t\u00fcddelig, sie sieht deutlich schlechter, h\u00f6rt nicht mehr verl\u00e4sslich und zieht ihr eigenes Ding durch, alte und eigentlich l\u00e4ngst ausgestandenen \u00c4ngst tauchen wieder auf&#8230;und sie maunzt und winselt zuhause manchmal unmotiviert vor sich hin.<\/p>\n<p>Trotzdem tut das alles ihrer Lebensfreude keinen Abbruch und das Sofichen ist so lustig, niedlich, anschmiegsam und f\u00fcrsorglich, dass uns jedes Mal das Herz aufgeht, wenn wir sie angucken. <img loading=\"lazy\" decoding=\"async\" class=\"alignnone size-full wp-image-716\" src=\"http:\/\/www.demona.de\/blog\/wp-content\/uploads\/2011\/01\/fa6f4fc0dac72965263ae8d8f88127b3.png\" alt=\"\" width=\"16\" height=\"16\"><\/p>\n<p>Wir wissen nicht, wieviel Zeit uns mit ihr bleibt&#8230; aber wir genie\u00dfen jeden Tag mit unserer s\u00fc\u00dfen Hunde-Oma!&nbsp;<\/p>\n<p><img loading=\"lazy\" decoding=\"async\" class=\"alignnone size-full wp-image-12616\" src=\"http:\/\/www.demona.de\/blog\/wp-content\/uploads\/2026\/04\/Unknown-e1777443781132.jpeg\" alt=\"\" width=\"377\" height=\"500\"><\/p>\n","protected":false},"excerpt":{"rendered":"<p>Unglaublich, aber wahr&#8230;. falls die damalige Einsch\u00e4tzung des spanischen Tierheims einigerma\u00dfen stimmte, m\u00fcsste unser Sofichen mittlerweile unglaubliche 14 Jahre alt sein! Durch den hohen Wei\u00dfanteil in ihrem Gesicht sieht man kaum, dass sie langsam ergraut&#8230; und durch die schlackernden Ohren und die dicken tapsigen Pfoten, ihrem t\u00e4nzelnden Schritt und dem Leuchten in ihren Augen merkt [&hellip;]<\/p>\n","protected":false},"author":2,"featured_media":0,"comment_status":"open","ping_status":"closed","sticky":false,"template":"","format":"standard","meta":{"ngg_post_thumbnail":0,"footnotes":""},"categories":[5],"tags":[],"class_list":["post-12614","post","type-post","status-publish","format-standard","hentry","category-wauzis"],"_links":{"self":[{"href":"http:\/\/www.demona.de\/blog\/index.php?rest_route=\/wp\/v2\/posts\/12614","targetHints":{"allow":["GET"]}}],"collection":[{"href":"http:\/\/www.demona.de\/blog\/index.php?rest_route=\/wp\/v2\/posts"}],"about":[{"href":"http:\/\/www.demona.de\/blog\/index.php?rest_route=\/wp\/v2\/types\/post"}],"author":[{"embeddable":true,"href":"http:\/\/www.demona.de\/blog\/index.php?rest_route=\/wp\/v2\/users\/2"}],"replies":[{"embeddable":true,"href":"http:\/\/www.demona.de\/blog\/index.php?rest_route=%2Fwp%2Fv2%2Fcomments&post=12614"}],"version-history":[{"count":4,"href":"http:\/\/www.demona.de\/blog\/index.php?rest_route=\/wp\/v2\/posts\/12614\/revisions"}],"predecessor-version":[{"id":12619,"href":"http:\/\/www.demona.de\/blog\/index.php?rest_route=\/wp\/v2\/posts\/12614\/revisions\/12619"}],"wp:attachment":[{"href":"http:\/\/www.demona.de\/blog\/index.php?rest_route=%2Fwp%2Fv2%2Fmedia&parent=12614"}],"wp:term":[{"taxonomy":"category","embeddable":true,"href":"http:\/\/www.demona.de\/blog\/index.php?rest_route=%2Fwp%2Fv2%2Fcategories&post=12614"},{"taxonomy":"post_tag","embeddable":true,"href":"http:\/\/www.demona.de\/blog\/index.php?rest_route=%2Fwp%2Fv2%2Ftags&post=12614"}],"curies":[{"name":"wp","href":"https:\/\/api.w.org\/{rel}","templated":true}]}}