{"id":12608,"date":"2026-04-20T05:47:12","date_gmt":"2026-04-20T05:47:12","guid":{"rendered":"http:\/\/www.demona.de\/blog\/?p=12608"},"modified":"2026-04-28T05:59:06","modified_gmt":"2026-04-28T05:59:06","slug":"nasenbluten","status":"publish","type":"post","link":"http:\/\/www.demona.de\/blog\/?p=12608","title":{"rendered":"Nasenbluten"},"content":{"rendered":"<p>Gestern Abend hatte Matilda Nasenbluten&#8230;. wir haben uns erschrocken, aber es sah aus wie ein kleiner senkrechter Kratzer unterhalb der Nase. Sie war gerade erst aus dem Garten reingedackelt gekommen und k\u00f6nnte sich da durchaus einen Ratscher im Unterholz eingehandelt haben.<br class=\"html-br\"><br class=\"html-br\">Als ich ihr um 22 Uhr ihr letztes Medikament f\u00fcr den Tag geben wollte, habe ich aber gesehen, dass es erneut geblutet hat&#8230;und zwar aus dem rechten Nasenloch.<\/p>\n<p><img loading=\"lazy\" decoding=\"async\" class=\"alignnone size-full wp-image-12610\" src=\"http:\/\/www.demona.de\/blog\/wp-content\/uploads\/2026\/04\/nasenbluten.jpg\" alt=\"\" width=\"500\" height=\"375\" srcset=\"http:\/\/www.demona.de\/blog\/wp-content\/uploads\/2026\/04\/nasenbluten.jpg 500w, http:\/\/www.demona.de\/blog\/wp-content\/uploads\/2026\/04\/nasenbluten-300x225.jpg 300w, http:\/\/www.demona.de\/blog\/wp-content\/uploads\/2026\/04\/nasenbluten-200x150.jpg 200w\" sizes=\"auto, (max-width: 500px) 100vw, 500px\" \/><br class=\"html-br\"><br class=\"html-br\">Vor einiger Zeit hatten wir morgens einen handtellergro\u00dfen Blutfleck auf meiner Bettdecke entdeckt und konnten es keinem unserer Hunde (die zeitweise alle bei uns mit im Bett schlafen) zuordnen. Nun dr\u00e4ngte sich mir nat\u00fcrlich der Verdacht auf, dass das Matilda gewesen sein k\u00f6nnte.<br class=\"html-br\"><br class=\"html-br\">Und schon fingen meine Gedanken an zu rotieren:<br \/>\nKonnte das mit dem Morbus Cushing zusammenh\u00e4ngen?<br class=\"html-br\">Und falls ja, sollte ich evtl. das Medikament weglassen und am Montag gleich bei unserer Tier\u00e4rztin vorbeifahren?<\/p>\n<p>Ich habe mir echt Sorgen gemacht, zumal Matilda h\u00f6rbar vor sich hingeschnuft hat, als ich sie in den Garten gebracht habe&#8230; es war zwar keine akute Atemnot, aber ich war doch etwas unrund.<\/p>\n<p>Heute morgen gab es aber gleich die Entwarnung. <img loading=\"lazy\" decoding=\"async\" class=\"alignnone size-full wp-image-759\" src=\"http:\/\/www.demona.de\/blog\/wp-content\/uploads\/2011\/01\/80.gif\" alt=\"\" width=\"15\" height=\"15\"><\/p>\n<p>Nachdem ich meinem Mann gleich von dem erneuten Nasenbluten erz\u00e4hlt habe, hat ER es gesehen (ich bin ja halbblind&#8230; h\u00fcstel): rechts an der Nase ist eine kleine Wunde, die ich nur gesehen habe, als ich das Foto stark vergr\u00f6\u00dfert habe. Von daher habe ich mich wahrscheinlich \/ hoffentlich grundlos gesorgt! Hapuuuh!<\/p>\n","protected":false},"excerpt":{"rendered":"<p>Gestern Abend hatte Matilda Nasenbluten&#8230;. wir haben uns erschrocken, aber es sah aus wie ein kleiner senkrechter Kratzer unterhalb der Nase. Sie war gerade erst aus dem Garten reingedackelt gekommen und k\u00f6nnte sich da durchaus einen Ratscher im Unterholz eingehandelt haben.Als ich ihr um 22 Uhr ihr letztes Medikament f\u00fcr den Tag geben wollte, habe [&hellip;]<\/p>\n","protected":false},"author":2,"featured_media":0,"comment_status":"open","ping_status":"closed","sticky":false,"template":"","format":"standard","meta":{"ngg_post_thumbnail":0,"footnotes":""},"categories":[5],"tags":[],"class_list":["post-12608","post","type-post","status-publish","format-standard","hentry","category-wauzis"],"_links":{"self":[{"href":"http:\/\/www.demona.de\/blog\/index.php?rest_route=\/wp\/v2\/posts\/12608","targetHints":{"allow":["GET"]}}],"collection":[{"href":"http:\/\/www.demona.de\/blog\/index.php?rest_route=\/wp\/v2\/posts"}],"about":[{"href":"http:\/\/www.demona.de\/blog\/index.php?rest_route=\/wp\/v2\/types\/post"}],"author":[{"embeddable":true,"href":"http:\/\/www.demona.de\/blog\/index.php?rest_route=\/wp\/v2\/users\/2"}],"replies":[{"embeddable":true,"href":"http:\/\/www.demona.de\/blog\/index.php?rest_route=%2Fwp%2Fv2%2Fcomments&post=12608"}],"version-history":[{"count":3,"href":"http:\/\/www.demona.de\/blog\/index.php?rest_route=\/wp\/v2\/posts\/12608\/revisions"}],"predecessor-version":[{"id":12613,"href":"http:\/\/www.demona.de\/blog\/index.php?rest_route=\/wp\/v2\/posts\/12608\/revisions\/12613"}],"wp:attachment":[{"href":"http:\/\/www.demona.de\/blog\/index.php?rest_route=%2Fwp%2Fv2%2Fmedia&parent=12608"}],"wp:term":[{"taxonomy":"category","embeddable":true,"href":"http:\/\/www.demona.de\/blog\/index.php?rest_route=%2Fwp%2Fv2%2Fcategories&post=12608"},{"taxonomy":"post_tag","embeddable":true,"href":"http:\/\/www.demona.de\/blog\/index.php?rest_route=%2Fwp%2Fv2%2Ftags&post=12608"}],"curies":[{"name":"wp","href":"https:\/\/api.w.org\/{rel}","templated":true}]}}