{"id":12600,"date":"2026-04-15T06:01:32","date_gmt":"2026-04-15T06:01:32","guid":{"rendered":"http:\/\/www.demona.de\/blog\/?p=12600"},"modified":"2026-04-20T06:17:19","modified_gmt":"2026-04-20T06:17:19","slug":"entspannung-pur-4","status":"publish","type":"post","link":"http:\/\/www.demona.de\/blog\/?p=12600","title":{"rendered":"Entspannung pur"},"content":{"rendered":"<p>Wir haben Emilia eine &#8222;Wellness-Massage&#8220; geg\u00f6nnt: nach solchen OPs haben viele Hunde durch die intra-operative Lagerung und das Spreizen des Mauls Schmerzen im Nacken und Kiefer. Um dem etwas entgegenzuwirken, ging es daher wieder mal zur Physiotherapeutin unseres Vertrauens. <img loading=\"lazy\" decoding=\"async\" class=\"alignnone size-full wp-image-759\" src=\"http:\/\/www.demona.de\/blog\/wp-content\/uploads\/2011\/01\/80.gif\" alt=\"\" width=\"15\" height=\"15\"><\/p>\n<p>Andrea hat Emilia sanft massiert und sich konzentriert von vorne bis hinten durchgearbeitet, zumal sie ja auch von unserer Tier\u00e4rztin nicht nur die Befunde, sondern auch die R\u00f6ntgenbilder zugemailt bekommen hat&#8230;und sie sich dementsprechend auch wieder um Wirbels\u00e4ule, H\u00fcfte und Knie gek\u00fcmmert hat.<\/p>\n<p>Emmi hatte anfangs wenig Lust, doch sie hat sich sehr schnell entspannt, von sich aus hingelegt&#8230;.und zum Schluss lag sie sogar relaxt auf der Seite und d\u00f6ste vor sich hin!<br \/>\n<img loading=\"lazy\" decoding=\"async\" class=\"alignnone size-full wp-image-640\" src=\"http:\/\/www.demona.de\/blog\/wp-content\/uploads\/2011\/01\/a020.gif\" alt=\"\" width=\"23\" height=\"20\"> &nbsp;<\/p>\n","protected":false},"excerpt":{"rendered":"<p>Wir haben Emilia eine &#8222;Wellness-Massage&#8220; geg\u00f6nnt: nach solchen OPs haben viele Hunde durch die intra-operative Lagerung und das Spreizen des Mauls Schmerzen im Nacken und Kiefer. Um dem etwas entgegenzuwirken, ging es daher wieder mal zur Physiotherapeutin unseres Vertrauens. Andrea hat Emilia sanft massiert und sich konzentriert von vorne bis hinten durchgearbeitet, zumal sie ja [&hellip;]<\/p>\n","protected":false},"author":2,"featured_media":0,"comment_status":"open","ping_status":"closed","sticky":false,"template":"","format":"standard","meta":{"ngg_post_thumbnail":0,"footnotes":""},"categories":[5],"tags":[],"class_list":["post-12600","post","type-post","status-publish","format-standard","hentry","category-wauzis"],"_links":{"self":[{"href":"http:\/\/www.demona.de\/blog\/index.php?rest_route=\/wp\/v2\/posts\/12600","targetHints":{"allow":["GET"]}}],"collection":[{"href":"http:\/\/www.demona.de\/blog\/index.php?rest_route=\/wp\/v2\/posts"}],"about":[{"href":"http:\/\/www.demona.de\/blog\/index.php?rest_route=\/wp\/v2\/types\/post"}],"author":[{"embeddable":true,"href":"http:\/\/www.demona.de\/blog\/index.php?rest_route=\/wp\/v2\/users\/2"}],"replies":[{"embeddable":true,"href":"http:\/\/www.demona.de\/blog\/index.php?rest_route=%2Fwp%2Fv2%2Fcomments&post=12600"}],"version-history":[{"count":4,"href":"http:\/\/www.demona.de\/blog\/index.php?rest_route=\/wp\/v2\/posts\/12600\/revisions"}],"predecessor-version":[{"id":12604,"href":"http:\/\/www.demona.de\/blog\/index.php?rest_route=\/wp\/v2\/posts\/12600\/revisions\/12604"}],"wp:attachment":[{"href":"http:\/\/www.demona.de\/blog\/index.php?rest_route=%2Fwp%2Fv2%2Fmedia&parent=12600"}],"wp:term":[{"taxonomy":"category","embeddable":true,"href":"http:\/\/www.demona.de\/blog\/index.php?rest_route=%2Fwp%2Fv2%2Fcategories&post=12600"},{"taxonomy":"post_tag","embeddable":true,"href":"http:\/\/www.demona.de\/blog\/index.php?rest_route=%2Fwp%2Fv2%2Ftags&post=12600"}],"curies":[{"name":"wp","href":"https:\/\/api.w.org\/{rel}","templated":true}]}}