{"id":12598,"date":"2026-04-13T15:36:06","date_gmt":"2026-04-13T15:36:06","guid":{"rendered":"http:\/\/www.demona.de\/blog\/?p=12598"},"modified":"2026-04-19T06:03:33","modified_gmt":"2026-04-19T06:03:33","slug":"zahn-op-und-roentgen","status":"publish","type":"post","link":"http:\/\/www.demona.de\/blog\/?p=12598","title":{"rendered":"Zahn-OP und R\u00f6ntgen"},"content":{"rendered":"<p>Heute war es soweit: Emilia musste n\u00fcchtern bleiben und fr\u00fchmorgens ab in die Praxis, damit sich die Vet mal um ihre Z\u00e4hne k\u00fcmmern konnte.&nbsp;<\/p>\n<p>Leider gestalte es sich aber nicht so einfach, ihr einen Venenkatheter zu legen. Am rechten Hinterlauf (wo wir drei Wochen zuvor noch easypeasy Blut abgenommen hatten) klappte es dieses Mal definitiv nicht. Da Emmis Venen an den Vorderl\u00e4ufen sehr fein und kaum sp\u00fcrbar sind, wechselte die Vet gleich zu einem kleineren Katheter&#8230;war aber auch hier nicht erfolgreich. Also ging es an den linken Vorderlauf, der auch nicht &#8222;wollte&#8220;.<\/p>\n<p>Just als Emmi unruhig wurde und die Vet schon bef\u00fcrchtete, ihr einen Pieks in den Po geben zu m\u00fcssen, um sie schlafen zu lagen und dann in Ruhe einen Zugang zu finden, ist es ihr gl\u00fccklicherweise doch noch gelungen!<\/p>\n<p>Der Rest klappte dann wie nach Lehrbuch: Die Narkose verlief komplikationslos, die Backenzahn lie\u00df sich ohne Probleme ziehen, ebenso wie zwei wacklige Schneidez\u00e4hne. Au\u00dferdem wurden noch zwei kleinere Epuliden entfernt und die Wirbels\u00e4ule sowie die H\u00fcfte ger\u00f6ntgt.<\/p>\n<p>Die H\u00fcftaufnahmen sind nicht perfekt, weil Emmis kaputte und spitze Wirbels\u00e4ule eine korrekte symmetrische Lagerung unm\u00f6glich gemacht hat, aber es reicht, um zu sehen, dass&nbsp; sie eine leichte HD links hat. Am linken Knie sind bereits ordentliche Arthrosen zu sehen und die Wirbels\u00e4ule ist voller Spondylosen. An der Lendenwirbels\u00e4ule befinden sie sich auch am Wirbelk\u00f6rperdach und oben auf dem Kreuzbein hat sie eine recht gro\u00dfe kn\u00f6cherne Zubildung, was wohl eher ungew\u00f6hnlich ist.&nbsp;<\/p>\n<p>Wir hatten es ja bereits bef\u00fcrchtet&#8230;nun haben wir Gewissheit. Wir sollen also artig weiter Physiotherapie machen und m\u00fcssen bei Scherzsch\u00fcben unbedingt schnell reagieren.&nbsp;<\/p>\n","protected":false},"excerpt":{"rendered":"<p>Heute war es soweit: Emilia musste n\u00fcchtern bleiben und fr\u00fchmorgens ab in die Praxis, damit sich die Vet mal um ihre Z\u00e4hne k\u00fcmmern konnte.&nbsp; Leider gestalte es sich aber nicht so einfach, ihr einen Venenkatheter zu legen. Am rechten Hinterlauf (wo wir drei Wochen zuvor noch easypeasy Blut abgenommen hatten) klappte es dieses Mal definitiv [&hellip;]<\/p>\n","protected":false},"author":2,"featured_media":0,"comment_status":"open","ping_status":"closed","sticky":false,"template":"","format":"standard","meta":{"ngg_post_thumbnail":0,"footnotes":""},"categories":[5],"tags":[],"class_list":["post-12598","post","type-post","status-publish","format-standard","hentry","category-wauzis"],"_links":{"self":[{"href":"http:\/\/www.demona.de\/blog\/index.php?rest_route=\/wp\/v2\/posts\/12598","targetHints":{"allow":["GET"]}}],"collection":[{"href":"http:\/\/www.demona.de\/blog\/index.php?rest_route=\/wp\/v2\/posts"}],"about":[{"href":"http:\/\/www.demona.de\/blog\/index.php?rest_route=\/wp\/v2\/types\/post"}],"author":[{"embeddable":true,"href":"http:\/\/www.demona.de\/blog\/index.php?rest_route=\/wp\/v2\/users\/2"}],"replies":[{"embeddable":true,"href":"http:\/\/www.demona.de\/blog\/index.php?rest_route=%2Fwp%2Fv2%2Fcomments&post=12598"}],"version-history":[{"count":1,"href":"http:\/\/www.demona.de\/blog\/index.php?rest_route=\/wp\/v2\/posts\/12598\/revisions"}],"predecessor-version":[{"id":12599,"href":"http:\/\/www.demona.de\/blog\/index.php?rest_route=\/wp\/v2\/posts\/12598\/revisions\/12599"}],"wp:attachment":[{"href":"http:\/\/www.demona.de\/blog\/index.php?rest_route=%2Fwp%2Fv2%2Fmedia&parent=12598"}],"wp:term":[{"taxonomy":"category","embeddable":true,"href":"http:\/\/www.demona.de\/blog\/index.php?rest_route=%2Fwp%2Fv2%2Fcategories&post=12598"},{"taxonomy":"post_tag","embeddable":true,"href":"http:\/\/www.demona.de\/blog\/index.php?rest_route=%2Fwp%2Fv2%2Ftags&post=12598"}],"curies":[{"name":"wp","href":"https:\/\/api.w.org\/{rel}","templated":true}]}}