{"id":12576,"date":"2026-04-01T15:09:15","date_gmt":"2026-04-01T15:09:15","guid":{"rendered":"http:\/\/www.demona.de\/blog\/?p=12576"},"modified":"2026-04-08T05:30:03","modified_gmt":"2026-04-08T05:30:03","slug":"und-noch-eine-blutabnahme","status":"publish","type":"post","link":"http:\/\/www.demona.de\/blog\/?p=12576","title":{"rendered":"Und noch eine Blutabnahme"},"content":{"rendered":"<p>Dieses Mal war Matilda dran. <img loading=\"lazy\" decoding=\"async\" class=\"alignnone size-full wp-image-759\" src=\"http:\/\/www.demona.de\/blog\/wp-content\/uploads\/2011\/01\/80.gif\" alt=\"\" width=\"15\" height=\"15\"><\/p>\n<p>Bei der Kleinen ist im Januar 2025 Morbus Cushing diagnostiziert worden, sprich: Ihre Nebennieren produzieren zu viel Cortisol. Entweder aufgrund eines Tumors an den Nebennieren oder an der Hirnanhangdr\u00fcse. Aufgrund ihrer vielen Vorerkrankungen haben wir gar nicht mehr geschallt, um zu gucken, WO der Tumor sitzt. Es geht bei ihr einzig und allein nur noch um die Erhaltung der Lebensqualit\u00e4t&#8230;und daf\u00fcr erh\u00e4lt sie ein relativ heftiges Medikament, mit dem wir in einer Minidosierung eingestiegen sind.&nbsp;<\/p>\n<p>Wichtig sind regelm\u00e4\u00dfige Bluttests (&#8222;Pre Pill-Test&#8220;) zwecks Therapiekontrolle und ggf. Dosisanpassung. Immer unter Ber\u00fccksichtigung der Symptomatik.&nbsp;<\/p>\n<p>Da Matildas Korkenzieherrute au\u00dfen wieder &#8222;nackt&#8220; geworden ist, bin ich davon ausgegangen, dass wir die Dosis wieder ein bisschen hochschrauben m\u00fcssen. Doch der Cortisolwert ist genau im gew\u00fcnschten Rahmen und da es ihr ansonsten soweit gut geht, bleibt es bei der aktuellen Dosierung.<\/p>\n<p>Bei der Gelegenheit haben wir \u00fcbrigens auch ein gro\u00dfes Blutbild gemacht und auch hier war alles bestens in Ordnung, was die Tier\u00e4rztin und uns sehr gefreut hat.&nbsp;<br \/>\n<img loading=\"lazy\" decoding=\"async\" class=\"alignnone size-full wp-image-640\" src=\"http:\/\/www.demona.de\/blog\/wp-content\/uploads\/2011\/01\/a020.gif\" alt=\"\" width=\"23\" height=\"20\"><br \/>\nEinzig ihr Gewicht macht mir Sorgen: die Kleine wird immer weniger, obwohl sie gut frisst. Mittlerweile wiegt sie nur noch 10,3 kg.<\/p>\n","protected":false},"excerpt":{"rendered":"<p>Dieses Mal war Matilda dran. Bei der Kleinen ist im Januar 2025 Morbus Cushing diagnostiziert worden, sprich: Ihre Nebennieren produzieren zu viel Cortisol. Entweder aufgrund eines Tumors an den Nebennieren oder an der Hirnanhangdr\u00fcse. Aufgrund ihrer vielen Vorerkrankungen haben wir gar nicht mehr geschallt, um zu gucken, WO der Tumor sitzt. Es geht bei ihr [&hellip;]<\/p>\n","protected":false},"author":2,"featured_media":0,"comment_status":"open","ping_status":"closed","sticky":false,"template":"","format":"standard","meta":{"ngg_post_thumbnail":0,"footnotes":""},"categories":[5],"tags":[],"class_list":["post-12576","post","type-post","status-publish","format-standard","hentry","category-wauzis"],"_links":{"self":[{"href":"http:\/\/www.demona.de\/blog\/index.php?rest_route=\/wp\/v2\/posts\/12576","targetHints":{"allow":["GET"]}}],"collection":[{"href":"http:\/\/www.demona.de\/blog\/index.php?rest_route=\/wp\/v2\/posts"}],"about":[{"href":"http:\/\/www.demona.de\/blog\/index.php?rest_route=\/wp\/v2\/types\/post"}],"author":[{"embeddable":true,"href":"http:\/\/www.demona.de\/blog\/index.php?rest_route=\/wp\/v2\/users\/2"}],"replies":[{"embeddable":true,"href":"http:\/\/www.demona.de\/blog\/index.php?rest_route=%2Fwp%2Fv2%2Fcomments&post=12576"}],"version-history":[{"count":2,"href":"http:\/\/www.demona.de\/blog\/index.php?rest_route=\/wp\/v2\/posts\/12576\/revisions"}],"predecessor-version":[{"id":12578,"href":"http:\/\/www.demona.de\/blog\/index.php?rest_route=\/wp\/v2\/posts\/12576\/revisions\/12578"}],"wp:attachment":[{"href":"http:\/\/www.demona.de\/blog\/index.php?rest_route=%2Fwp%2Fv2%2Fmedia&parent=12576"}],"wp:term":[{"taxonomy":"category","embeddable":true,"href":"http:\/\/www.demona.de\/blog\/index.php?rest_route=%2Fwp%2Fv2%2Fcategories&post=12576"},{"taxonomy":"post_tag","embeddable":true,"href":"http:\/\/www.demona.de\/blog\/index.php?rest_route=%2Fwp%2Fv2%2Ftags&post=12576"}],"curies":[{"name":"wp","href":"https:\/\/api.w.org\/{rel}","templated":true}]}}