{"id":12570,"date":"2026-03-28T12:52:17","date_gmt":"2026-03-28T12:52:17","guid":{"rendered":"http:\/\/www.demona.de\/blog\/?p=12570"},"modified":"2026-04-07T13:02:19","modified_gmt":"2026-04-07T13:02:19","slug":"unfreiwillige-dusche","status":"publish","type":"post","link":"http:\/\/www.demona.de\/blog\/?p=12570","title":{"rendered":"Unfreiwillige Dusche"},"content":{"rendered":"<p>Emilia ist eine Wutz. Schluss Punkt Aus!<\/p>\n<p>Heute hat sie sich derma\u00dfen von vorne bis hinten eingesaut, dass ein einfaches Auswaschen nicht ausgereicht h\u00e4tte. Das schrie nach Badewanne&#8230;. aber bei der aktuellen R\u00fcckenproblematik wollten wir Emmi nicht heben. Sie ist zwar f\u00fcr einen Cane Corso sehr klein, aber immer noch zu gro\u00df, um sie locker auf den Arm zu nehmen und dabei den R\u00fccken sch\u00f6n gerade zu halten.<\/p>\n<p>Zuhause angekommen bin ich also direkt mit ihr ins Bad, habe unsere Dusche mit einem gro\u00dfen Badetuch und der Anti-Rutsch-Matte aus der Badewanne ausgelegt, mich bis auf die Unterw\u00e4sche ausgezogen&#8230;. und dann ging es zusammen mit dem stinkenden Tier unter die Dusche.&nbsp;<br \/>\n<img loading=\"lazy\" decoding=\"async\" class=\"alignnone size-full wp-image-712\" src=\"http:\/\/www.demona.de\/blog\/wp-content\/uploads\/2011\/01\/a055.gif\" alt=\"\" width=\"15\" height=\"19\"><br \/>\nEmilia war nicht gerade begeistert, ist aber brav sitzen geblieben, so dass ich sie in aller Ruhe einshampoonieren und anschlie\u00dfend abbrausen konnte.&nbsp;<\/p>\n<p>Nat\u00fcrlich habe ich sie nicht davon abhalten k\u00f6nnen, sich nach dieser Prozedur zu sch\u00fctteln, bevor ich ihr das meiste Wasser aus dem Fell rubbeln konnte. Sprich: nicht nur ich war pitschnass, sondern auch das halbe Bad. Egal. Es musste eh geputzt werden.&nbsp;<img loading=\"lazy\" decoding=\"async\" class=\"alignnone size-full wp-image-1114\" src=\"http:\/\/www.demona.de\/blog\/wp-content\/uploads\/2011\/05\/kicher.gif\" alt=\"\" width=\"15\" height=\"15\"><\/p>\n","protected":false},"excerpt":{"rendered":"<p>Emilia ist eine Wutz. Schluss Punkt Aus! Heute hat sie sich derma\u00dfen von vorne bis hinten eingesaut, dass ein einfaches Auswaschen nicht ausgereicht h\u00e4tte. Das schrie nach Badewanne&#8230;. aber bei der aktuellen R\u00fcckenproblematik wollten wir Emmi nicht heben. Sie ist zwar f\u00fcr einen Cane Corso sehr klein, aber immer noch zu gro\u00df, um sie locker [&hellip;]<\/p>\n","protected":false},"author":2,"featured_media":0,"comment_status":"open","ping_status":"closed","sticky":false,"template":"","format":"standard","meta":{"ngg_post_thumbnail":0,"footnotes":""},"categories":[5],"tags":[],"class_list":["post-12570","post","type-post","status-publish","format-standard","hentry","category-wauzis"],"_links":{"self":[{"href":"http:\/\/www.demona.de\/blog\/index.php?rest_route=\/wp\/v2\/posts\/12570","targetHints":{"allow":["GET"]}}],"collection":[{"href":"http:\/\/www.demona.de\/blog\/index.php?rest_route=\/wp\/v2\/posts"}],"about":[{"href":"http:\/\/www.demona.de\/blog\/index.php?rest_route=\/wp\/v2\/types\/post"}],"author":[{"embeddable":true,"href":"http:\/\/www.demona.de\/blog\/index.php?rest_route=\/wp\/v2\/users\/2"}],"replies":[{"embeddable":true,"href":"http:\/\/www.demona.de\/blog\/index.php?rest_route=%2Fwp%2Fv2%2Fcomments&post=12570"}],"version-history":[{"count":1,"href":"http:\/\/www.demona.de\/blog\/index.php?rest_route=\/wp\/v2\/posts\/12570\/revisions"}],"predecessor-version":[{"id":12571,"href":"http:\/\/www.demona.de\/blog\/index.php?rest_route=\/wp\/v2\/posts\/12570\/revisions\/12571"}],"wp:attachment":[{"href":"http:\/\/www.demona.de\/blog\/index.php?rest_route=%2Fwp%2Fv2%2Fmedia&parent=12570"}],"wp:term":[{"taxonomy":"category","embeddable":true,"href":"http:\/\/www.demona.de\/blog\/index.php?rest_route=%2Fwp%2Fv2%2Fcategories&post=12570"},{"taxonomy":"post_tag","embeddable":true,"href":"http:\/\/www.demona.de\/blog\/index.php?rest_route=%2Fwp%2Fv2%2Ftags&post=12570"}],"curies":[{"name":"wp","href":"https:\/\/api.w.org\/{rel}","templated":true}]}}