{"id":12561,"date":"2026-03-19T12:28:40","date_gmt":"2026-03-19T12:28:40","guid":{"rendered":"http:\/\/www.demona.de\/blog\/?p=12561"},"modified":"2026-04-06T12:45:48","modified_gmt":"2026-04-06T12:45:48","slug":"erste-zecke-des-jahres-2","status":"publish","type":"post","link":"http:\/\/www.demona.de\/blog\/?p=12561","title":{"rendered":"Erste Zecke des Jahres"},"content":{"rendered":"<p>Ich bin ja nicht gerade ein Spinnen-Fan und bef\u00f6rdere gro\u00dfe und kleine Spinnen mit Hilfe eines Insektenf\u00e4ngers (bestes Haushaltsutensil ever <img loading=\"lazy\" decoding=\"async\" class=\"alignnone size-full wp-image-705\" src=\"http:\/\/www.demona.de\/blog\/wp-content\/uploads\/2011\/01\/biggrin.gif\" alt=\"\" width=\"15\" height=\"15\"> ) umgehend in die freie Wildbahn, aber bei Zecken h\u00f6rt die Tierliebe endg\u00fcltig auf. Die werden schnellm\u00f6glich vom Hund entfernt und get\u00f6tet!<\/p>\n<p>Nun hat sich eins dieser Krabbelviecher ausgerechnet auf Matilda verirrt und hat angedockt. G\u00f6rk hat sie an ihrem Lefzenwinkel entdeckt, als sie noch relativ klein war, und hat sie sofort rausgezogen.&nbsp;<\/p>\n<p>Sobald sich die Zecken-F\u00e4lle wiederholen, m\u00fcssen wir dann leider doch die Chemie-Keule auspacken. Aufgrund von Matildas Hautproblematik k\u00f6nnen wir jedoch keine Zeckenhalsb\u00e4nder benutzen, wo sich der Wirkstoff \u00fcber das Fell und somit auch die Haut verteilt. Ich muss dann vorsichtshalber R\u00fccksprache mit unserer Tier\u00e4rztin halten, ob das Ganze in Tablettenform bei Matis eh schon nicht unerheblichem Medikamentenkonsum noch ok ist.&nbsp;<\/p>\n","protected":false},"excerpt":{"rendered":"<p>Ich bin ja nicht gerade ein Spinnen-Fan und bef\u00f6rdere gro\u00dfe und kleine Spinnen mit Hilfe eines Insektenf\u00e4ngers (bestes Haushaltsutensil ever ) umgehend in die freie Wildbahn, aber bei Zecken h\u00f6rt die Tierliebe endg\u00fcltig auf. Die werden schnellm\u00f6glich vom Hund entfernt und get\u00f6tet! Nun hat sich eins dieser Krabbelviecher ausgerechnet auf Matilda verirrt und hat angedockt. [&hellip;]<\/p>\n","protected":false},"author":2,"featured_media":0,"comment_status":"open","ping_status":"closed","sticky":false,"template":"","format":"standard","meta":{"ngg_post_thumbnail":0,"footnotes":""},"categories":[5],"tags":[],"class_list":["post-12561","post","type-post","status-publish","format-standard","hentry","category-wauzis"],"_links":{"self":[{"href":"http:\/\/www.demona.de\/blog\/index.php?rest_route=\/wp\/v2\/posts\/12561","targetHints":{"allow":["GET"]}}],"collection":[{"href":"http:\/\/www.demona.de\/blog\/index.php?rest_route=\/wp\/v2\/posts"}],"about":[{"href":"http:\/\/www.demona.de\/blog\/index.php?rest_route=\/wp\/v2\/types\/post"}],"author":[{"embeddable":true,"href":"http:\/\/www.demona.de\/blog\/index.php?rest_route=\/wp\/v2\/users\/2"}],"replies":[{"embeddable":true,"href":"http:\/\/www.demona.de\/blog\/index.php?rest_route=%2Fwp%2Fv2%2Fcomments&post=12561"}],"version-history":[{"count":2,"href":"http:\/\/www.demona.de\/blog\/index.php?rest_route=\/wp\/v2\/posts\/12561\/revisions"}],"predecessor-version":[{"id":12563,"href":"http:\/\/www.demona.de\/blog\/index.php?rest_route=\/wp\/v2\/posts\/12561\/revisions\/12563"}],"wp:attachment":[{"href":"http:\/\/www.demona.de\/blog\/index.php?rest_route=%2Fwp%2Fv2%2Fmedia&parent=12561"}],"wp:term":[{"taxonomy":"category","embeddable":true,"href":"http:\/\/www.demona.de\/blog\/index.php?rest_route=%2Fwp%2Fv2%2Fcategories&post=12561"},{"taxonomy":"post_tag","embeddable":true,"href":"http:\/\/www.demona.de\/blog\/index.php?rest_route=%2Fwp%2Fv2%2Ftags&post=12561"}],"curies":[{"name":"wp","href":"https:\/\/api.w.org\/{rel}","templated":true}]}}