{"id":12557,"date":"2026-03-17T12:12:41","date_gmt":"2026-03-17T12:12:41","guid":{"rendered":"http:\/\/www.demona.de\/blog\/?p=12557"},"modified":"2026-04-06T12:26:38","modified_gmt":"2026-04-06T12:26:38","slug":"naechstes-problem","status":"publish","type":"post","link":"http:\/\/www.demona.de\/blog\/?p=12557","title":{"rendered":"N\u00e4chstes Problem&#8230;"},"content":{"rendered":"<p>Emilia ist zwar wieder deutlich mobiler, doch hat sie in den vergangenen Tagen trotzdem immer mal wieder aufgewimmert&#8230;. und zwar ausschlie\u00dflich wenn ich sie rechts am Kopf ber\u00fchrt habe.&nbsp;<\/p>\n<p>Bevor heute also ein zweites Mal die Neuraltherapie gemacht wurde, hat sich die Tier\u00e4rztin Emmis Schnute mal genauer angeschaut.<\/p>\n<p>Leider hat das Em-Em relativ schlechte Z\u00e4hne, die bereits bei ihrer Adoption (im Alter von 2 Jahren) stark verf\u00e4rbt waren. Z\u00e4hneputzen gestaltet sich schwierig bis unm\u00f6glich, weil sie eher unkooperativ ist und die Z\u00e4hne zusammenbeisst.&nbsp;<\/p>\n<p>Zu zweit konnten wir die Kiefer aber so weit &#8222;aufhebeln&#8220;, dass sich die Vet das ganze Gebiss genau anschauen konnte. Dabei ist ihr aufgefallen, dass am hintersten Backenzahn auf der LINKEN&nbsp; oberen Seite ein St\u00fcck abgebrochen ist und der Oberkiefer an dieser Stelle eine relativ gro\u00dfe rote Stelle (sprich: eine Entz\u00fcndung) hat.<\/p>\n<p>Wir haben nun beschlossen, diesen Zusatzbefund zum Anlass zu nehmen, Emilia demn\u00e4chst in Narkose zu legen, die Z\u00e4hne zu sanieren, den kaputten Backenzahn zu entfernen&#8230;und bei der Gelegenheit auch gleich den Lendenwirbelbereich sowie die H\u00fcften zu r\u00f6ntgen, um zu sehen, wie schlimm die Spondylosen sind und ob es evtl. weitere Auff\u00e4lligkeiten gibt.&nbsp;<\/p>\n","protected":false},"excerpt":{"rendered":"<p>Emilia ist zwar wieder deutlich mobiler, doch hat sie in den vergangenen Tagen trotzdem immer mal wieder aufgewimmert&#8230;. und zwar ausschlie\u00dflich wenn ich sie rechts am Kopf ber\u00fchrt habe.&nbsp; Bevor heute also ein zweites Mal die Neuraltherapie gemacht wurde, hat sich die Tier\u00e4rztin Emmis Schnute mal genauer angeschaut. Leider hat das Em-Em relativ schlechte Z\u00e4hne, [&hellip;]<\/p>\n","protected":false},"author":2,"featured_media":0,"comment_status":"open","ping_status":"closed","sticky":false,"template":"","format":"standard","meta":{"ngg_post_thumbnail":0,"footnotes":""},"categories":[5],"tags":[],"class_list":["post-12557","post","type-post","status-publish","format-standard","hentry","category-wauzis"],"_links":{"self":[{"href":"http:\/\/www.demona.de\/blog\/index.php?rest_route=\/wp\/v2\/posts\/12557","targetHints":{"allow":["GET"]}}],"collection":[{"href":"http:\/\/www.demona.de\/blog\/index.php?rest_route=\/wp\/v2\/posts"}],"about":[{"href":"http:\/\/www.demona.de\/blog\/index.php?rest_route=\/wp\/v2\/types\/post"}],"author":[{"embeddable":true,"href":"http:\/\/www.demona.de\/blog\/index.php?rest_route=\/wp\/v2\/users\/2"}],"replies":[{"embeddable":true,"href":"http:\/\/www.demona.de\/blog\/index.php?rest_route=%2Fwp%2Fv2%2Fcomments&post=12557"}],"version-history":[{"count":3,"href":"http:\/\/www.demona.de\/blog\/index.php?rest_route=\/wp\/v2\/posts\/12557\/revisions"}],"predecessor-version":[{"id":12560,"href":"http:\/\/www.demona.de\/blog\/index.php?rest_route=\/wp\/v2\/posts\/12557\/revisions\/12560"}],"wp:attachment":[{"href":"http:\/\/www.demona.de\/blog\/index.php?rest_route=%2Fwp%2Fv2%2Fmedia&parent=12557"}],"wp:term":[{"taxonomy":"category","embeddable":true,"href":"http:\/\/www.demona.de\/blog\/index.php?rest_route=%2Fwp%2Fv2%2Fcategories&post=12557"},{"taxonomy":"post_tag","embeddable":true,"href":"http:\/\/www.demona.de\/blog\/index.php?rest_route=%2Fwp%2Fv2%2Ftags&post=12557"}],"curies":[{"name":"wp","href":"https:\/\/api.w.org\/{rel}","templated":true}]}}