{"id":12537,"date":"2026-03-14T16:23:50","date_gmt":"2026-03-14T16:23:50","guid":{"rendered":"http:\/\/www.demona.de\/blog\/?p=12537"},"modified":"2026-03-30T06:28:18","modified_gmt":"2026-03-30T06:28:18","slug":"gut-angezogen","status":"publish","type":"post","link":"http:\/\/www.demona.de\/blog\/?p=12537","title":{"rendered":"Gut angezogen"},"content":{"rendered":"<p>Bislang habe ich mir selbst bei schlechtem Wetter keine gro\u00dfen Gedanken um Emilia gemacht: sie ist schlie\u00dflich die J\u00fcngst im Bunde und war bislang immer fit, gesund und gut gelaunt.<\/p>\n<p>Nun muss ich umdenken. Und da es heute wieder recht frisch und regnerisch war, habe ich im Hundekorb gekramt und geschaut, ob ich einen Hundemantel finde, der ihr passt.&nbsp;<\/p>\n<p>Voil\u00e0!<\/p>\n<p><img loading=\"lazy\" decoding=\"async\" class=\"alignnone size-full wp-image-12538\" src=\"http:\/\/www.demona.de\/blog\/wp-content\/uploads\/2026\/03\/IMG_6780-scaled-e1774852051574.jpeg\" alt=\"\" width=\"500\" height=\"375\">&nbsp;<\/p>\n","protected":false},"excerpt":{"rendered":"<p>Bislang habe ich mir selbst bei schlechtem Wetter keine gro\u00dfen Gedanken um Emilia gemacht: sie ist schlie\u00dflich die J\u00fcngst im Bunde und war bislang immer fit, gesund und gut gelaunt. Nun muss ich umdenken. Und da es heute wieder recht frisch und regnerisch war, habe ich im Hundekorb gekramt und geschaut, ob ich einen Hundemantel [&hellip;]<\/p>\n","protected":false},"author":2,"featured_media":0,"comment_status":"open","ping_status":"closed","sticky":false,"template":"","format":"standard","meta":{"ngg_post_thumbnail":0,"footnotes":""},"categories":[5],"tags":[],"class_list":["post-12537","post","type-post","status-publish","format-standard","hentry","category-wauzis"],"_links":{"self":[{"href":"http:\/\/www.demona.de\/blog\/index.php?rest_route=\/wp\/v2\/posts\/12537","targetHints":{"allow":["GET"]}}],"collection":[{"href":"http:\/\/www.demona.de\/blog\/index.php?rest_route=\/wp\/v2\/posts"}],"about":[{"href":"http:\/\/www.demona.de\/blog\/index.php?rest_route=\/wp\/v2\/types\/post"}],"author":[{"embeddable":true,"href":"http:\/\/www.demona.de\/blog\/index.php?rest_route=\/wp\/v2\/users\/2"}],"replies":[{"embeddable":true,"href":"http:\/\/www.demona.de\/blog\/index.php?rest_route=%2Fwp%2Fv2%2Fcomments&post=12537"}],"version-history":[{"count":1,"href":"http:\/\/www.demona.de\/blog\/index.php?rest_route=\/wp\/v2\/posts\/12537\/revisions"}],"predecessor-version":[{"id":12539,"href":"http:\/\/www.demona.de\/blog\/index.php?rest_route=\/wp\/v2\/posts\/12537\/revisions\/12539"}],"wp:attachment":[{"href":"http:\/\/www.demona.de\/blog\/index.php?rest_route=%2Fwp%2Fv2%2Fmedia&parent=12537"}],"wp:term":[{"taxonomy":"category","embeddable":true,"href":"http:\/\/www.demona.de\/blog\/index.php?rest_route=%2Fwp%2Fv2%2Fcategories&post=12537"},{"taxonomy":"post_tag","embeddable":true,"href":"http:\/\/www.demona.de\/blog\/index.php?rest_route=%2Fwp%2Fv2%2Ftags&post=12537"}],"curies":[{"name":"wp","href":"https:\/\/api.w.org\/{rel}","templated":true}]}}