{"id":12532,"date":"2026-03-12T16:26:13","date_gmt":"2026-03-12T16:26:13","guid":{"rendered":"http:\/\/www.demona.de\/blog\/?p=12532"},"modified":"2026-03-28T16:49:03","modified_gmt":"2026-03-28T16:49:03","slug":"neuraltherapie","status":"publish","type":"post","link":"http:\/\/www.demona.de\/blog\/?p=12532","title":{"rendered":"Neuraltherapie"},"content":{"rendered":"<p>Emmis R\u00fcckenschmerzen strahlen mittlerweile immer weiter nach vorne aus: heute reichte ein Griff der Tier\u00e4rztin, damit Emmi in die Knie sank&#8230; ohne einen Ton von sich zu geben. <img loading=\"lazy\" decoding=\"async\" class=\"alignnone size-full wp-image-786\" src=\"http:\/\/www.demona.de\/blog\/wp-content\/uploads\/2011\/02\/d015.gif\" alt=\"\" width=\"15\" height=\"17\"><\/p>\n<p>Auf einem R\u00f6ntgenbild vom letzten Jahr, das wir gemacht hatten, als das schwarze Tier eine Magen\u00fcberladung hatte (wir wissen immer noch nicht, wie sie DAS geschafft hat!), konnte man schon sehen, dass Emmi im Brustwirbelbereich Spondylosen hat.<\/p>\n<p>Das best\u00e4rkt die Vermutung, dass die Spondylosen ordentlich fortgeschritten sind&nbsp; und auch im hinteren Bereich der Wirbels\u00e4ule zu finden sind. Was zu dem schmerzhaften Bereich im Kreuz-\/Lendenwirbelbereich passt. Wir gehen also von einem heftigen Spondylose-Schub aus, durch den sich nach gut zwei Wochen die gesamte Muskulatur entlang der Wirbels\u00e4ule verspannt hat.&nbsp;<\/p>\n<p>Wir haben also gleich eine Neuraltherapie begonnen: dabei hat unsere Vet Emilia mehrfach auf beiden Seiten der Wirbels\u00e4ule gequaddelt, sprich: sie hat ihr ein Lokalan\u00e4sthetikum + Cortison unter die Haut gespritzt. Zus\u00e4tzlich wurde diese &#8222;Mixtur&#8220; auch noch zwischen zwei Wirbel gespritzt. Und Emmi war soooo tapfer!<\/p>\n<p>Nun hei\u00dft es weiterhin schonen, wieder Previcox geben (unter Gabapentin hatten sich die Beschwerden deutlich verschlimmert) und mit der Physiotherapie weitermachen.&nbsp;<\/p>\n","protected":false},"excerpt":{"rendered":"<p>Emmis R\u00fcckenschmerzen strahlen mittlerweile immer weiter nach vorne aus: heute reichte ein Griff der Tier\u00e4rztin, damit Emmi in die Knie sank&#8230; ohne einen Ton von sich zu geben. Auf einem R\u00f6ntgenbild vom letzten Jahr, das wir gemacht hatten, als das schwarze Tier eine Magen\u00fcberladung hatte (wir wissen immer noch nicht, wie sie DAS geschafft hat!), [&hellip;]<\/p>\n","protected":false},"author":2,"featured_media":0,"comment_status":"open","ping_status":"closed","sticky":false,"template":"","format":"standard","meta":{"ngg_post_thumbnail":0,"footnotes":""},"categories":[5],"tags":[],"class_list":["post-12532","post","type-post","status-publish","format-standard","hentry","category-wauzis"],"_links":{"self":[{"href":"http:\/\/www.demona.de\/blog\/index.php?rest_route=\/wp\/v2\/posts\/12532","targetHints":{"allow":["GET"]}}],"collection":[{"href":"http:\/\/www.demona.de\/blog\/index.php?rest_route=\/wp\/v2\/posts"}],"about":[{"href":"http:\/\/www.demona.de\/blog\/index.php?rest_route=\/wp\/v2\/types\/post"}],"author":[{"embeddable":true,"href":"http:\/\/www.demona.de\/blog\/index.php?rest_route=\/wp\/v2\/users\/2"}],"replies":[{"embeddable":true,"href":"http:\/\/www.demona.de\/blog\/index.php?rest_route=%2Fwp%2Fv2%2Fcomments&post=12532"}],"version-history":[{"count":4,"href":"http:\/\/www.demona.de\/blog\/index.php?rest_route=\/wp\/v2\/posts\/12532\/revisions"}],"predecessor-version":[{"id":12536,"href":"http:\/\/www.demona.de\/blog\/index.php?rest_route=\/wp\/v2\/posts\/12532\/revisions\/12536"}],"wp:attachment":[{"href":"http:\/\/www.demona.de\/blog\/index.php?rest_route=%2Fwp%2Fv2%2Fmedia&parent=12532"}],"wp:term":[{"taxonomy":"category","embeddable":true,"href":"http:\/\/www.demona.de\/blog\/index.php?rest_route=%2Fwp%2Fv2%2Fcategories&post=12532"},{"taxonomy":"post_tag","embeddable":true,"href":"http:\/\/www.demona.de\/blog\/index.php?rest_route=%2Fwp%2Fv2%2Ftags&post=12532"}],"curies":[{"name":"wp","href":"https:\/\/api.w.org\/{rel}","templated":true}]}}