{"id":12504,"date":"2026-02-19T20:06:32","date_gmt":"2026-02-19T20:06:32","guid":{"rendered":"http:\/\/www.demona.de\/blog\/?p=12504"},"modified":"2026-03-01T20:31:39","modified_gmt":"2026-03-01T20:31:39","slug":"nachkontrolle-2","status":"publish","type":"post","link":"http:\/\/www.demona.de\/blog\/?p=12504","title":{"rendered":"&#8222;Nachkontrolle&#8220;"},"content":{"rendered":"<p>Dank einiger \u00dcberstunden durfte ich mir \u00fcber Karneval ein paar Tage frei nehmen. Da ich definitiv kein Jeck bin, habe ich diese Freizeit lieber f\u00fcr einen Besuch bei einem meiner ehemaligen Sch\u00fctzlinge genutzt!<\/p>\n<p>Gustav ist ein riesiger Bulldoggen-Mix (im Alter von knapp 1 \u00bd Jahren bringt er knapp 55 kg auf die Waage) und ein absoluter Traum: grundgut, in sich ruhend, dabei aber trotzdem immer noch verspielt, aktiv und komplett vertr\u00e4glich. <img loading=\"lazy\" decoding=\"async\" class=\"alignnone size-full wp-image-716\" src=\"http:\/\/www.demona.de\/blog\/wp-content\/uploads\/2011\/01\/fa6f4fc0dac72965263ae8d8f88127b3.png\" alt=\"\" width=\"16\" height=\"16\"><\/p>\n<p>Das &#8222;Kerlchen&#8220; hat das absolute Traumzuhause gefunden bei einem supernetten, molosser-erfahrenen Paar, das alle seine Tiere (Hunde, Katzen und Pferde) aus dem Tierschutz hat und sich ein wundersch\u00f6nes Zuhause in einem altem Bauernhof geschaffen hat.<br \/>\n<img loading=\"lazy\" decoding=\"async\" class=\"alignnone size-full wp-image-640\" src=\"http:\/\/www.demona.de\/blog\/wp-content\/uploads\/2011\/01\/a020.gif\" alt=\"\" width=\"23\" height=\"20\"><br \/>\nBei all dem Stress, Frust und \u00c4rger, den der Tierschutz leider immer wieder mit sich bringt, ist es sch\u00f6n und aufbauend, mit den Adoptanten teils noch jahrelang im (losen) Kontakt zu bleiben und gelegentlich zu telefonieren \/ zu schreiben sowie Fotos und Videos zu erhalten, auf denen man sieht, wie gut es der Wauz getroffen hat. Besuche sind eher selten m\u00f6glich, weil wir ja bundesweit vermitteln und die wenigsten \u00dcbernehmer in halbwegs erreichbarer N\u00e4he leben.&nbsp;<\/p>\n<p>Besuche wie dieser sind dementsprechend eine Wohltat f\u00fcr die Seele und ich habe es unglaublich genossen, nicht nur Gustav und seine tierischen Kumpels endlich pers\u00f6nlich kennenzulernen, sondern auch seine neuen Menschen. Das war (trotz der stundenlangen Fahrerei) ein rundum toller Tag, der mir wieder mal gezeigt hat, wof\u00fcr ich das seit vielen Jahren mache. <img loading=\"lazy\" decoding=\"async\" class=\"alignnone size-full wp-image-759\" src=\"http:\/\/www.demona.de\/blog\/wp-content\/uploads\/2011\/01\/80.gif\" alt=\"\" width=\"15\" height=\"15\"><\/p>\n<p><img loading=\"lazy\" decoding=\"async\" class=\"alignnone size-full wp-image-12506\" src=\"http:\/\/www.demona.de\/blog\/wp-content\/uploads\/2026\/03\/Unknown-scaled-e1772396766319.jpeg\" alt=\"\" width=\"375\" height=\"500\"><\/p>\n<p>Das absolute Dreamteam:<\/p>\n<p><img loading=\"lazy\" decoding=\"async\" class=\"alignnone size-full wp-image-12505\" src=\"http:\/\/www.demona.de\/blog\/wp-content\/uploads\/2026\/03\/IMG_6570-scaled-e1772396834635.jpeg\" alt=\"\" width=\"500\" height=\"375\"><\/p>\n<p>&nbsp;<\/p>\n","protected":false},"excerpt":{"rendered":"<p>Dank einiger \u00dcberstunden durfte ich mir \u00fcber Karneval ein paar Tage frei nehmen. Da ich definitiv kein Jeck bin, habe ich diese Freizeit lieber f\u00fcr einen Besuch bei einem meiner ehemaligen Sch\u00fctzlinge genutzt! Gustav ist ein riesiger Bulldoggen-Mix (im Alter von knapp 1 \u00bd Jahren bringt er knapp 55 kg auf die Waage) und ein [&hellip;]<\/p>\n","protected":false},"author":2,"featured_media":0,"comment_status":"open","ping_status":"closed","sticky":false,"template":"","format":"standard","meta":{"ngg_post_thumbnail":0,"footnotes":""},"categories":[7],"tags":[],"class_list":["post-12504","post","type-post","status-publish","format-standard","hentry","category-tierschutz"],"_links":{"self":[{"href":"http:\/\/www.demona.de\/blog\/index.php?rest_route=\/wp\/v2\/posts\/12504","targetHints":{"allow":["GET"]}}],"collection":[{"href":"http:\/\/www.demona.de\/blog\/index.php?rest_route=\/wp\/v2\/posts"}],"about":[{"href":"http:\/\/www.demona.de\/blog\/index.php?rest_route=\/wp\/v2\/types\/post"}],"author":[{"embeddable":true,"href":"http:\/\/www.demona.de\/blog\/index.php?rest_route=\/wp\/v2\/users\/2"}],"replies":[{"embeddable":true,"href":"http:\/\/www.demona.de\/blog\/index.php?rest_route=%2Fwp%2Fv2%2Fcomments&post=12504"}],"version-history":[{"count":5,"href":"http:\/\/www.demona.de\/blog\/index.php?rest_route=\/wp\/v2\/posts\/12504\/revisions"}],"predecessor-version":[{"id":12511,"href":"http:\/\/www.demona.de\/blog\/index.php?rest_route=\/wp\/v2\/posts\/12504\/revisions\/12511"}],"wp:attachment":[{"href":"http:\/\/www.demona.de\/blog\/index.php?rest_route=%2Fwp%2Fv2%2Fmedia&parent=12504"}],"wp:term":[{"taxonomy":"category","embeddable":true,"href":"http:\/\/www.demona.de\/blog\/index.php?rest_route=%2Fwp%2Fv2%2Fcategories&post=12504"},{"taxonomy":"post_tag","embeddable":true,"href":"http:\/\/www.demona.de\/blog\/index.php?rest_route=%2Fwp%2Fv2%2Ftags&post=12504"}],"curies":[{"name":"wp","href":"https:\/\/api.w.org\/{rel}","templated":true}]}}