{"id":12491,"date":"2026-02-10T18:05:08","date_gmt":"2026-02-10T18:05:08","guid":{"rendered":"http:\/\/www.demona.de\/blog\/?p=12491"},"modified":"2026-02-11T11:26:42","modified_gmt":"2026-02-11T11:26:42","slug":"emotional-support","status":"publish","type":"post","link":"http:\/\/www.demona.de\/blog\/?p=12491","title":{"rendered":"Emotional Support"},"content":{"rendered":"<p>Da wir heute Nachmittag zu einem sehr langen Spaziergang verabredet waren, durfte die morgendliche Runde ruhig etwas k\u00fcrzer ausfallen und so habe ich mir die drei Gro\u00dfen geschnappt, um nur mal bei uns im Wohnviertel spazierenzugehen.<\/p>\n<p>Matilda hatte \u00fcbrigens \u00fcberhaupt keine Lust, das Haus zu verlassen&#8230;und diese Auszeit sollen wir ihr auch laut Vet zwischendurch g\u00f6nnen. Sie darf zwar nicht einrosten, aber wenn es ihr nicht gut geht, soll sie ruhig mal zuhause bleiben.<\/p>\n<p>Also sind in aller Gem\u00fctlichkeit losgestiefelt, um zwei Stra\u00dfen weiter festzustellen, dass dort \u00fcberall Baustellen abgesperrt waren und Baufahrzeuge standen. Was f\u00fcr Sofia sofort Stress bedeutet. Aber so ein bisschen Stress muss sie auch mal aushalten&#8230; also ging es brav weiter. Dachte ich.&nbsp;<\/p>\n<p>An einer Stelle war der B\u00fcrgersteig offenbar aufgerissen worden und mit einer stabilen Holzkonstruktion mit Metallgel\u00e4nder links und rechts versehen worden. Balisto und Emilia sind locker dr\u00fcbergelaufen, ich hinterher&#8230; kam dann aber abrupt zum Stehen, weil Sofia hinter mir eine Vollbremsung hingelegt hatte!<\/p>\n<p>Ich lie\u00df sofort die Leinen der anderen Hunde fallen, wandte mich um, sprach Sofia aufmunternd mir ihrem Namen an und versuchte sie, hinter uns her zu locken. NOPE! Sie wollte nicht, zitterte am ganzen K\u00f6rper und legte den R\u00fcckw\u00e4rtsgang ein.<\/p>\n<p>Und dann passierte etwas, womit ich im Leben nicht gerechnet hatte!<\/p>\n<p>Ein \u00e4lterer (osteurop\u00e4ischer) Bauarbeiter \u00fcberquerte die Stra\u00dfe, ging ein paar Meter vor Sofia in die Hocke, streckte die Arme nach ihr aus und sagte sanft: &#8222;Ach, Sofia&#8230;. keine Angst&#8230; komm&#8216; mal&nbsp; her!&#8220;<\/p>\n<p>Und was macht Sofia, die fremde M\u00e4nner oft eher unheimlich findet? Stutzt kurz, schaut ihn an&#8230;und l\u00e4uft ihm dann direkt in die Arme! <img loading=\"lazy\" decoding=\"async\" class=\"alignnone size-full wp-image-716\" src=\"http:\/\/www.demona.de\/blog\/wp-content\/uploads\/2011\/01\/fa6f4fc0dac72965263ae8d8f88127b3.png\" alt=\"\" width=\"16\" height=\"16\"><\/p>\n<p>Als Bali und Emmi das gesehen haben, sind sie nat\u00fcrlich auch sofort hin und so umarmte der Mann nun \u00fcbergl\u00fccklich DREI Hunde. Sofias Angst war zwar immer noch nicht ganz weg, aber dank des emotionalen Supports eines Wildfremden hat sie sich daraufhin zumindest getraut, \u00fcber die Stra\u00dfe um dieses gruselige Teil drumrum zu laufen.&nbsp; &nbsp;<\/p>\n<p>Ist das klasse, oder was? <img loading=\"lazy\" decoding=\"async\" class=\"alignnone size-full wp-image-640\" src=\"http:\/\/www.demona.de\/blog\/wp-content\/uploads\/2011\/01\/a020.gif\" alt=\"\" width=\"23\" height=\"20\"><\/p>\n","protected":false},"excerpt":{"rendered":"<p>Da wir heute Nachmittag zu einem sehr langen Spaziergang verabredet waren, durfte die morgendliche Runde ruhig etwas k\u00fcrzer ausfallen und so habe ich mir die drei Gro\u00dfen geschnappt, um nur mal bei uns im Wohnviertel spazierenzugehen. Matilda hatte \u00fcbrigens \u00fcberhaupt keine Lust, das Haus zu verlassen&#8230;und diese Auszeit sollen wir ihr auch laut Vet zwischendurch [&hellip;]<\/p>\n","protected":false},"author":2,"featured_media":0,"comment_status":"open","ping_status":"closed","sticky":false,"template":"","format":"standard","meta":{"ngg_post_thumbnail":0,"footnotes":""},"categories":[5],"tags":[],"class_list":["post-12491","post","type-post","status-publish","format-standard","hentry","category-wauzis"],"_links":{"self":[{"href":"http:\/\/www.demona.de\/blog\/index.php?rest_route=\/wp\/v2\/posts\/12491","targetHints":{"allow":["GET"]}}],"collection":[{"href":"http:\/\/www.demona.de\/blog\/index.php?rest_route=\/wp\/v2\/posts"}],"about":[{"href":"http:\/\/www.demona.de\/blog\/index.php?rest_route=\/wp\/v2\/types\/post"}],"author":[{"embeddable":true,"href":"http:\/\/www.demona.de\/blog\/index.php?rest_route=\/wp\/v2\/users\/2"}],"replies":[{"embeddable":true,"href":"http:\/\/www.demona.de\/blog\/index.php?rest_route=%2Fwp%2Fv2%2Fcomments&post=12491"}],"version-history":[{"count":1,"href":"http:\/\/www.demona.de\/blog\/index.php?rest_route=\/wp\/v2\/posts\/12491\/revisions"}],"predecessor-version":[{"id":12492,"href":"http:\/\/www.demona.de\/blog\/index.php?rest_route=\/wp\/v2\/posts\/12491\/revisions\/12492"}],"wp:attachment":[{"href":"http:\/\/www.demona.de\/blog\/index.php?rest_route=%2Fwp%2Fv2%2Fmedia&parent=12491"}],"wp:term":[{"taxonomy":"category","embeddable":true,"href":"http:\/\/www.demona.de\/blog\/index.php?rest_route=%2Fwp%2Fv2%2Fcategories&post=12491"},{"taxonomy":"post_tag","embeddable":true,"href":"http:\/\/www.demona.de\/blog\/index.php?rest_route=%2Fwp%2Fv2%2Ftags&post=12491"}],"curies":[{"name":"wp","href":"https:\/\/api.w.org\/{rel}","templated":true}]}}