{"id":12485,"date":"2026-02-06T21:56:52","date_gmt":"2026-02-06T21:56:52","guid":{"rendered":"http:\/\/www.demona.de\/blog\/?p=12485"},"modified":"2026-02-06T21:57:46","modified_gmt":"2026-02-06T21:57:46","slug":"matsch-und-modder","status":"publish","type":"post","link":"http:\/\/www.demona.de\/blog\/?p=12485","title":{"rendered":"Matsch und Modder"},"content":{"rendered":"<p>Ich habe die letzten Tage sehr genossen&#8230; eine auch die Seele w\u00e4rmende Sonne in einem strahlend blauen Himmel macht soooo viel aus! Da genie\u00dft man die Spazierg\u00e4nge mit den Wauzis endlich mal wieder.<\/p>\n<p>Aber heute war dann wieder alles beim Alten: Matsch und Modder. *seufz*<\/p>\n<p>Das Laufen auf rutschigen Feldwegen ist nicht nur f\u00fcr die kleine Matilda beschwerlich, sondern auch f\u00fcr mich. Schlie\u00dflich muss ich den gro\u00dfen Hundewagen vor mich herschieben und darauf achten, dass wir nicht in irgendwelchen Modderpf\u00fctzen steckenbleiben. <img loading=\"lazy\" decoding=\"async\" class=\"alignnone size-full wp-image-759\" src=\"http:\/\/www.demona.de\/blog\/wp-content\/uploads\/2011\/01\/80.gif\" alt=\"\" width=\"15\" height=\"15\"><\/p>\n<p>\u00dcber den Zustand eben dieses Hundewagens braucht man eigentlich nichts zu sagen. Au\u00dfer vielleicht, dass wir sehnlichst auf mehrere sch\u00f6ne, sonnige Tage hintereinander hoffen, um das Teil mal gr\u00fcndlich im Garten k\u00e4rchern und dann drau\u00dfen trocknen zu k\u00f6nnen.&nbsp;<\/p>\n<p>Au\u00dferdem bin ich es langsam satt, nach jedem Spaziergang die hellen Stufen zum Haus zu fegen und\/oder zu wischen. Ein Blick auf Sofias Pfoten (kurz nachdem wir gestartet waren) reicht aus, um sich vorzustellen, wieviel Dreck wir jeden Tag ins Haus schleppen. Da komme ich mit dem Putzen kaum noch hinterher!&nbsp;&nbsp;<\/p>\n<p><img loading=\"lazy\" decoding=\"async\" class=\"alignnone size-full wp-image-12488\" src=\"http:\/\/www.demona.de\/blog\/wp-content\/uploads\/2026\/02\/IMG_6489-scaled-e1770414997426.jpeg\" alt=\"\" width=\"500\" height=\"375\"><\/p>\n","protected":false},"excerpt":{"rendered":"<p>Ich habe die letzten Tage sehr genossen&#8230; eine auch die Seele w\u00e4rmende Sonne in einem strahlend blauen Himmel macht soooo viel aus! Da genie\u00dft man die Spazierg\u00e4nge mit den Wauzis endlich mal wieder. Aber heute war dann wieder alles beim Alten: Matsch und Modder. *seufz* Das Laufen auf rutschigen Feldwegen ist nicht nur f\u00fcr die [&hellip;]<\/p>\n","protected":false},"author":2,"featured_media":0,"comment_status":"open","ping_status":"closed","sticky":false,"template":"","format":"standard","meta":{"ngg_post_thumbnail":0,"footnotes":""},"categories":[5],"tags":[],"class_list":["post-12485","post","type-post","status-publish","format-standard","hentry","category-wauzis"],"_links":{"self":[{"href":"http:\/\/www.demona.de\/blog\/index.php?rest_route=\/wp\/v2\/posts\/12485","targetHints":{"allow":["GET"]}}],"collection":[{"href":"http:\/\/www.demona.de\/blog\/index.php?rest_route=\/wp\/v2\/posts"}],"about":[{"href":"http:\/\/www.demona.de\/blog\/index.php?rest_route=\/wp\/v2\/types\/post"}],"author":[{"embeddable":true,"href":"http:\/\/www.demona.de\/blog\/index.php?rest_route=\/wp\/v2\/users\/2"}],"replies":[{"embeddable":true,"href":"http:\/\/www.demona.de\/blog\/index.php?rest_route=%2Fwp%2Fv2%2Fcomments&post=12485"}],"version-history":[{"count":3,"href":"http:\/\/www.demona.de\/blog\/index.php?rest_route=\/wp\/v2\/posts\/12485\/revisions"}],"predecessor-version":[{"id":12490,"href":"http:\/\/www.demona.de\/blog\/index.php?rest_route=\/wp\/v2\/posts\/12485\/revisions\/12490"}],"wp:attachment":[{"href":"http:\/\/www.demona.de\/blog\/index.php?rest_route=%2Fwp%2Fv2%2Fmedia&parent=12485"}],"wp:term":[{"taxonomy":"category","embeddable":true,"href":"http:\/\/www.demona.de\/blog\/index.php?rest_route=%2Fwp%2Fv2%2Fcategories&post=12485"},{"taxonomy":"post_tag","embeddable":true,"href":"http:\/\/www.demona.de\/blog\/index.php?rest_route=%2Fwp%2Fv2%2Ftags&post=12485"}],"curies":[{"name":"wp","href":"https:\/\/api.w.org\/{rel}","templated":true}]}}