{"id":12480,"date":"2026-01-30T13:13:46","date_gmt":"2026-01-30T13:13:46","guid":{"rendered":"http:\/\/www.demona.de\/blog\/?p=12480"},"modified":"2026-02-06T21:43:40","modified_gmt":"2026-02-06T21:43:40","slug":"alte-hunde","status":"publish","type":"post","link":"http:\/\/www.demona.de\/blog\/?p=12480","title":{"rendered":"Alte Hunde"},"content":{"rendered":"<p>Sofia leidet an seniler Bettflucht und mag seit einiger Zeit nicht mehr mit uns und den anderen Hunden im Bett schlafen. Da wir im Rest der Hauses jede Menge kuschlige Hundebetten verteilt haben, ist das an sich kein Problem&#8230; allerdings hatte sie sich ausgerechnet den langen Flur Richtung Bad ausgesucht, der im Winter mangels Heizung eiskalt wird. Also habe ich das Hundebett in das Durchgangszimmer zwischen ebendiesen Flur und unser Schlafzimmer geschleppt,&nbsp; was Sofia problemlos angenommen hat. Sie genie\u00dft es auch, dass ich sie abends in eine leichte Fleece-Decke einpacke.&nbsp;<\/p>\n<p>So weit, so gut.&nbsp;<\/p>\n<p>Matilda ist zwar nicht ganz so alt wie das Sofichen, doch muss sie nachts oft noch mal zwischen 2:00 und 3:00 Uhr morgens raus, selbst wenn ich sie meist gegen Mitternacht noch mal in den Garten trage, damit sie sich vor der Nachtruhe ein letztes Mal l\u00f6sen kann. Da Mati sich daf\u00fcr Zeit l\u00e4sst und ich eine Frostbeule bin, lasse ich die Terrassent\u00fcr offen stehen und verkr\u00fcmel mich wieder ins Bett. Sobald in der K\u00fcche das Licht dank eines Pr\u00e4senzsensors wieder angeht, stehe ich auf, schlie\u00dfe die T\u00fcr und hole die Kleine im Wohnzimmer ab, wo sie zwischenzeitlich gelandet ist, um sich gut gelaunt im Hundebett vor dem Kamin rumzukugeln.<\/p>\n<p>So weit, so gut.&nbsp;<\/p>\n<p>Gestern ist mir bei&nbsp; &#8222;Einsammeln&#8220; des Gremlins aufgefallen, dass Sofia nicht mehr in ihrem Hundebett neben dem Schlafzimmer lag, sondern sich in ein Bettchen im Arbeitszimmer verkr\u00fcmelt hatte. Sie tut das manchmal, wenn Emilia sich nachts zu ihr legt&#8230;und ihr das zu eng wird.<\/p>\n<p>&nbsp;So weit, immer noch so gut.&nbsp;<\/p>\n<p>Morgens laufe ich immer den Garten ab und sammle abendliche \/ n\u00e4chtliche Hundehaufen ein, um sie brav im Restm\u00fcll zu entsorgen. So auch heute. Doch was lag denn da im Garten? Eine hellgraue Fleece-Decke? Mitten auf der Wiese?<\/p>\n<p>Verwundert lief ich hin, hob die Decke hoch&#8230;und entdeckte darunter ein formvollendetes H\u00e4ufchen, sch\u00f6n vor dem leichten Regen gesch\u00fctzt! <img loading=\"lazy\" decoding=\"async\" class=\"alignnone size-full wp-image-1114\" src=\"http:\/\/www.demona.de\/blog\/wp-content\/uploads\/2011\/05\/kicher.gif\" alt=\"\" width=\"15\" height=\"15\">&nbsp;<\/p>\n<p>Offenbar war Sofia &#8211; von mir unbemerkt &#8211; nach Matilda in den Garten gewandert und hatte dabei ihre Decke wie ein M\u00e4ntelchen mitgenommen. Als sie sich dann hingehockt hat, ist ihr die Decke vom R\u00fccken gerutscht und hat den Ort des Geschehens perfekt bedeckt. Das alles hat sie in Windeseile geschafft&#8230; sie muss n\u00e4mlich schon wieder ins Haus gelaufen sein, BEVOR das Licht in der K\u00fcche ausgegangen ist!&nbsp;<\/p>\n<p>Mit Hundesenioren wird einem echt nie langweilig!&nbsp; <img loading=\"lazy\" decoding=\"async\" class=\"alignnone size-full wp-image-712\" src=\"http:\/\/www.demona.de\/blog\/wp-content\/uploads\/2011\/01\/a055.gif\" alt=\"\" width=\"15\" height=\"19\">&nbsp;&nbsp;<\/p>\n","protected":false},"excerpt":{"rendered":"<p>Sofia leidet an seniler Bettflucht und mag seit einiger Zeit nicht mehr mit uns und den anderen Hunden im Bett schlafen. Da wir im Rest der Hauses jede Menge kuschlige Hundebetten verteilt haben, ist das an sich kein Problem&#8230; allerdings hatte sie sich ausgerechnet den langen Flur Richtung Bad ausgesucht, der im Winter mangels Heizung [&hellip;]<\/p>\n","protected":false},"author":2,"featured_media":0,"comment_status":"open","ping_status":"closed","sticky":false,"template":"","format":"standard","meta":{"ngg_post_thumbnail":0,"footnotes":""},"categories":[5],"tags":[],"class_list":["post-12480","post","type-post","status-publish","format-standard","hentry","category-wauzis"],"_links":{"self":[{"href":"http:\/\/www.demona.de\/blog\/index.php?rest_route=\/wp\/v2\/posts\/12480","targetHints":{"allow":["GET"]}}],"collection":[{"href":"http:\/\/www.demona.de\/blog\/index.php?rest_route=\/wp\/v2\/posts"}],"about":[{"href":"http:\/\/www.demona.de\/blog\/index.php?rest_route=\/wp\/v2\/types\/post"}],"author":[{"embeddable":true,"href":"http:\/\/www.demona.de\/blog\/index.php?rest_route=\/wp\/v2\/users\/2"}],"replies":[{"embeddable":true,"href":"http:\/\/www.demona.de\/blog\/index.php?rest_route=%2Fwp%2Fv2%2Fcomments&post=12480"}],"version-history":[{"count":4,"href":"http:\/\/www.demona.de\/blog\/index.php?rest_route=\/wp\/v2\/posts\/12480\/revisions"}],"predecessor-version":[{"id":12487,"href":"http:\/\/www.demona.de\/blog\/index.php?rest_route=\/wp\/v2\/posts\/12480\/revisions\/12487"}],"wp:attachment":[{"href":"http:\/\/www.demona.de\/blog\/index.php?rest_route=%2Fwp%2Fv2%2Fmedia&parent=12480"}],"wp:term":[{"taxonomy":"category","embeddable":true,"href":"http:\/\/www.demona.de\/blog\/index.php?rest_route=%2Fwp%2Fv2%2Fcategories&post=12480"},{"taxonomy":"post_tag","embeddable":true,"href":"http:\/\/www.demona.de\/blog\/index.php?rest_route=%2Fwp%2Fv2%2Ftags&post=12480"}],"curies":[{"name":"wp","href":"https:\/\/api.w.org\/{rel}","templated":true}]}}