{"id":12466,"date":"2026-01-24T23:08:34","date_gmt":"2026-01-24T23:08:34","guid":{"rendered":"http:\/\/www.demona.de\/blog\/?p=12466"},"modified":"2026-01-25T23:47:31","modified_gmt":"2026-01-25T23:47:31","slug":"es-tut-mir-leid","status":"publish","type":"post","link":"http:\/\/www.demona.de\/blog\/?p=12466","title":{"rendered":"Es tut mir leid&#8230;."},"content":{"rendered":"<p>&#8230;aber ich kann nicht jedem Hund helfen. *seufz*<\/p>\n<p>Gestern erreichte mich innerhalb weniger Monate die zweite Anfrage aus meinem Gassi-Umfeld, einen Hund zu \u00fcbernehmen, weil dieser aus unterschiedlichen Gr\u00fcnden seine Familie verlassen muss. Ich kenne und mag beide Hunde und die dazugeh\u00f6rigen Frauchen. Und beide R\u00fcden (die nicht komplett vertr\u00e4glich sind) kommen bestens mit meiner Bande klar. Gute Hundekumpels, auch wenn man sich nicht st\u00e4ndig \u00fcber den Weg l\u00e4uft.&nbsp;<\/p>\n<p>Ich kann gut verstehen, dass einen die Abgabe eines geliebten Hundes weh tut und dass man ihn am liebsten irgendwo in die N\u00e4he vermitteln w\u00fcrde, noch dazu an jemanden, den man einigerma\u00dfen kennt und von dem man wei\u00df, dass der eine gewisse Tierschutzaffinit\u00e4t hat.&nbsp;<\/p>\n<p>H\u00e4tte ich nur einen oder maximal zwei Hunde, h\u00e4tte ich mich unter Umst\u00e4nden tats\u00e4chlich dazu hinreissen lassen, eben WEIL ich die Hunde kenne und mag&#8230;und weil sie mir leid tun. Auch wenn sie keine Molosser sind und an sich so gar nicht in mein Beuteschema passen.<\/p>\n<p>Aber ich muss vern\u00fcnftig sein: wir haben schon vier Hunde und unser ganzes Leben ist um sie und ihre Bed\u00fcrfnisse rum organisiert, insbesondere um die schwerkranke Matilda. Und auch wenn wir ein sehr harmonisches Hunde-Team haben, das auch bei Spazierg\u00e4ngen in der Regel easy zu h\u00e4ndeln ist, war das nicht von Anfang an so. Jeder neue Hund, jede Vergesellschaftung, bringt ihre Herausforderung mit sich&#8230; zuhause und au\u00dferhalb. Die gesamte Dynamik ver\u00e4ndert sich und muss sich neu einspielen. Das kann Monate dauern und &#8211; wie bei Matildas oder bei Emilias Einzug &#8211; zu einem nervenaufreibenden und stressigen Balanceakt f\u00fchren.&nbsp;<\/p>\n<p>Kann ich das meinen Oldies, mir und meinem Mann zum jetzigen Zeitpunkt noch zumuten?&nbsp;&nbsp;<br \/>\nNein. <img loading=\"lazy\" decoding=\"async\" class=\"alignnone size-full wp-image-786\" src=\"http:\/\/www.demona.de\/blog\/wp-content\/uploads\/2011\/02\/d015.gif\" alt=\"\" width=\"15\" height=\"17\"><\/p>\n<p>Ok. ICH bin hier die absolut Hundebekloppte und k\u00fcmmere mich prim\u00e4r um die Bande. Aber mein Mann hat nat\u00fcrlich auch ein W\u00f6rtchen mitzureden. So sehr er unsere Wauzis auch liebt (er w\u00fcrde ALLES f\u00fcr sie tun!)&#8230; er ist nicht nur derjenige, der den ganzen Spa\u00df als Hauptverdiener finanziert, sondern auch derjenige, der mit mir an einem Strang ziehen und mein Backup sein muss, wenn ich aus welchen Gr\u00fcnden auch immer ausfalle. Unsere Vier bekommt er in der aktuellen Konstellation gut gemanagt. Ob das mit einem f\u00fcnften Hund noch klappen w\u00fcrde, wage ich zu bezweifeln.&nbsp; &nbsp;<\/p>\n<p>Und ich bin mir nicht einmal sicher, ob ICH das hinbekommen w\u00fcrde! Zumal ich nicht j\u00fcnger werde und mit Job, Familie, Haushalt, eigenen Hunden UND Tierschutz eh schon mehr als ausgelastet bin.<\/p>\n<p>Es tut mir wirklich total leid und nat\u00fcrlich helfe ich gerne dabei, ein neues Zuhause zu finden&#8230; aber dieses Zuhause kann leider definitiv nicht bei uns sein. <img loading=\"lazy\" decoding=\"async\" class=\"alignnone size-full wp-image-786\" src=\"http:\/\/www.demona.de\/blog\/wp-content\/uploads\/2011\/02\/d015.gif\" alt=\"\" width=\"15\" height=\"17\">&nbsp;<\/p>\n","protected":false},"excerpt":{"rendered":"<p>&#8230;aber ich kann nicht jedem Hund helfen. *seufz* Gestern erreichte mich innerhalb weniger Monate die zweite Anfrage aus meinem Gassi-Umfeld, einen Hund zu \u00fcbernehmen, weil dieser aus unterschiedlichen Gr\u00fcnden seine Familie verlassen muss. Ich kenne und mag beide Hunde und die dazugeh\u00f6rigen Frauchen. Und beide R\u00fcden (die nicht komplett vertr\u00e4glich sind) kommen bestens mit meiner [&hellip;]<\/p>\n","protected":false},"author":2,"featured_media":0,"comment_status":"open","ping_status":"closed","sticky":false,"template":"","format":"standard","meta":{"ngg_post_thumbnail":0,"footnotes":""},"categories":[7,5],"tags":[],"class_list":["post-12466","post","type-post","status-publish","format-standard","hentry","category-tierschutz","category-wauzis"],"_links":{"self":[{"href":"http:\/\/www.demona.de\/blog\/index.php?rest_route=\/wp\/v2\/posts\/12466","targetHints":{"allow":["GET"]}}],"collection":[{"href":"http:\/\/www.demona.de\/blog\/index.php?rest_route=\/wp\/v2\/posts"}],"about":[{"href":"http:\/\/www.demona.de\/blog\/index.php?rest_route=\/wp\/v2\/types\/post"}],"author":[{"embeddable":true,"href":"http:\/\/www.demona.de\/blog\/index.php?rest_route=\/wp\/v2\/users\/2"}],"replies":[{"embeddable":true,"href":"http:\/\/www.demona.de\/blog\/index.php?rest_route=%2Fwp%2Fv2%2Fcomments&post=12466"}],"version-history":[{"count":4,"href":"http:\/\/www.demona.de\/blog\/index.php?rest_route=\/wp\/v2\/posts\/12466\/revisions"}],"predecessor-version":[{"id":12470,"href":"http:\/\/www.demona.de\/blog\/index.php?rest_route=\/wp\/v2\/posts\/12466\/revisions\/12470"}],"wp:attachment":[{"href":"http:\/\/www.demona.de\/blog\/index.php?rest_route=%2Fwp%2Fv2%2Fmedia&parent=12466"}],"wp:term":[{"taxonomy":"category","embeddable":true,"href":"http:\/\/www.demona.de\/blog\/index.php?rest_route=%2Fwp%2Fv2%2Fcategories&post=12466"},{"taxonomy":"post_tag","embeddable":true,"href":"http:\/\/www.demona.de\/blog\/index.php?rest_route=%2Fwp%2Fv2%2Ftags&post=12466"}],"curies":[{"name":"wp","href":"https:\/\/api.w.org\/{rel}","templated":true}]}}