{"id":12458,"date":"2026-01-16T22:50:43","date_gmt":"2026-01-16T22:50:43","guid":{"rendered":"http:\/\/www.demona.de\/blog\/?p=12458"},"modified":"2026-01-29T22:58:28","modified_gmt":"2026-01-29T22:58:28","slug":"happy-birthday-balisto-3","status":"publish","type":"post","link":"http:\/\/www.demona.de\/blog\/?p=12458","title":{"rendered":"Happy Birthday, Balisto!"},"content":{"rendered":"<p>Die Zeit geht rum wie nichts&#8230; heute ist Balisto tats\u00e4chlich schon 9 Jahre alt geworden und aus dem knackigen Wirbelwind ist ein gestandener R\u00fcde geworden, dem man zwar das Alter deutlich ansieht, aber vom Verhalten her definitiv nicht anmerkt!<\/p>\n<p><img loading=\"lazy\" decoding=\"async\" class=\"alignnone size-full wp-image-12459\" src=\"http:\/\/www.demona.de\/blog\/wp-content\/uploads\/2026\/01\/IMG_6380-e1768602568492.jpg\" alt=\"\" width=\"377\" height=\"500\"><\/p>\n<p>B\u00f6se Zungen behaupten, dass Bali so schnell ergraut ist, weil das Zusammenleben mit drei H\u00fcndinnen so stressig ist. <img loading=\"lazy\" decoding=\"async\" class=\"alignnone size-full wp-image-1114\" src=\"http:\/\/www.demona.de\/blog\/wp-content\/uploads\/2011\/05\/kicher.gif\" alt=\"\" width=\"15\" height=\"15\"> Aber auch wenn er eigentlich eher auf andere R\u00fcden steht, liebt er seine M\u00e4dels und k\u00fcmmert sich r\u00fchrend um sie. Er leckt sie z.B. &#8222;trocken&#8220;, wenn sie nass ins Haus kommen&#8230; oder bietet sich als W\u00e4rmflasche oder Kopfkissen an, wenn die M\u00e4dels (insbesondere Matilda) seine N\u00e4he suchen.<\/p>\n<p>Falls ich es noch nicht erw\u00e4hnt haben sollte: Dieses Kerlchen ist und war ein absoluter Gl\u00fccksgriff. Wir hatten noch nie einen so unkomplizierten und relaxten R\u00fcden. Er f\u00e4ngt niemals Streit an und geht jeder Provokation aus dem Weg. Wei\u00df sich aber souver\u00e4n und sozial sicher zu behaupten, wenn es nicht anders geht.<\/p>\n<p>Ok. Ein ausgepr\u00e4gter Jagdtrieb bei einem sehr intelligenten Hund ist eine Herausforderung und hat mich in den ersten Jahren an meine erzieherischen Grenzen gebracht.&nbsp; Aber das t\u00e4gliche Training hat sich ausbezahlt. Bali darf schon seit einigen Jahren kompletten Freilauf genie\u00dfen und tr\u00e4gt die Schleppleine nur noch im Wald, da er einen recht guten Grundgehorsam hat und sich in der Regel prima abrufen l\u00e4sst. Tr\u00e4umen darf man als Mensch dabei aber nat\u00fcrlich nicht&#8230; hat er erst einmal eine gewisse Distanz aufgebaut, &#8222;\u00fcberh\u00f6rt&#8220; er ein Rufen gerne, schnuppert geflissentlich an irgendwelchen interessanten Stellen, markiert diese und schaut sich dann noch mal in aller Ruhe um, bevor er wie ein Irrer mit einem breiten Grinsen im Gesicht zu mir zur\u00fcckrast. <img loading=\"lazy\" decoding=\"async\" class=\"alignnone size-full wp-image-1114\" src=\"http:\/\/www.demona.de\/blog\/wp-content\/uploads\/2011\/05\/kicher.gif\" alt=\"\" width=\"15\" height=\"15\"><\/p>\n<p>Bali&#8230; unser Babymann, unser Schmalhans, unser kleiner, lieber Dreckskerl! Du bist einfach nur toll und wir freuen uns auf die n\u00e4chsten Jahre mit dir! <img loading=\"lazy\" decoding=\"async\" class=\"alignnone size-full wp-image-716\" src=\"http:\/\/www.demona.de\/blog\/wp-content\/uploads\/2011\/01\/fa6f4fc0dac72965263ae8d8f88127b3.png\" alt=\"\" width=\"16\" height=\"16\"><\/p>\n","protected":false},"excerpt":{"rendered":"<p>Die Zeit geht rum wie nichts&#8230; heute ist Balisto tats\u00e4chlich schon 9 Jahre alt geworden und aus dem knackigen Wirbelwind ist ein gestandener R\u00fcde geworden, dem man zwar das Alter deutlich ansieht, aber vom Verhalten her definitiv nicht anmerkt! B\u00f6se Zungen behaupten, dass Bali so schnell ergraut ist, weil das Zusammenleben mit drei H\u00fcndinnen so [&hellip;]<\/p>\n","protected":false},"author":2,"featured_media":0,"comment_status":"open","ping_status":"closed","sticky":false,"template":"","format":"standard","meta":{"ngg_post_thumbnail":0,"footnotes":""},"categories":[5],"tags":[],"class_list":["post-12458","post","type-post","status-publish","format-standard","hentry","category-wauzis"],"_links":{"self":[{"href":"http:\/\/www.demona.de\/blog\/index.php?rest_route=\/wp\/v2\/posts\/12458","targetHints":{"allow":["GET"]}}],"collection":[{"href":"http:\/\/www.demona.de\/blog\/index.php?rest_route=\/wp\/v2\/posts"}],"about":[{"href":"http:\/\/www.demona.de\/blog\/index.php?rest_route=\/wp\/v2\/types\/post"}],"author":[{"embeddable":true,"href":"http:\/\/www.demona.de\/blog\/index.php?rest_route=\/wp\/v2\/users\/2"}],"replies":[{"embeddable":true,"href":"http:\/\/www.demona.de\/blog\/index.php?rest_route=%2Fwp%2Fv2%2Fcomments&post=12458"}],"version-history":[{"count":2,"href":"http:\/\/www.demona.de\/blog\/index.php?rest_route=\/wp\/v2\/posts\/12458\/revisions"}],"predecessor-version":[{"id":12476,"href":"http:\/\/www.demona.de\/blog\/index.php?rest_route=\/wp\/v2\/posts\/12458\/revisions\/12476"}],"wp:attachment":[{"href":"http:\/\/www.demona.de\/blog\/index.php?rest_route=%2Fwp%2Fv2%2Fmedia&parent=12458"}],"wp:term":[{"taxonomy":"category","embeddable":true,"href":"http:\/\/www.demona.de\/blog\/index.php?rest_route=%2Fwp%2Fv2%2Fcategories&post=12458"},{"taxonomy":"post_tag","embeddable":true,"href":"http:\/\/www.demona.de\/blog\/index.php?rest_route=%2Fwp%2Fv2%2Ftags&post=12458"}],"curies":[{"name":"wp","href":"https:\/\/api.w.org\/{rel}","templated":true}]}}