{"id":12452,"date":"2026-01-08T21:39:12","date_gmt":"2026-01-08T21:39:12","guid":{"rendered":"http:\/\/www.demona.de\/blog\/?p=12452"},"modified":"2026-01-29T23:00:38","modified_gmt":"2026-01-29T23:00:38","slug":"silvesterangst-endlich-halbwegs-ueberstanden","status":"publish","type":"post","link":"http:\/\/www.demona.de\/blog\/?p=12452","title":{"rendered":"Silvesterangst endlich halbwegs \u00fcberstanden"},"content":{"rendered":"<p>F\u00fcr viele Menschen ist der Jahreswechsel ein freudiges Ereignis und Grund zum Feiern&#8230; incl. Feuerwerk. Diesen Menschen m\u00f6chte ich ihre Freude an sich nicht vermiesen, doch ich frage mich immer \u00f6fter, warum einige Menschen es derma\u00dfen \u00fcbertreiben m\u00fcssen, dass nicht nur die Umwelt (Thema &#8222;Feinstaub&#8220;), sehr viele Haus- und Wildtiere sowie auch unbeteiligte Menschen darunter leiden m\u00fcssen, allen voran genau die Menschen, die uns im Notfall helfen, also Rettungskr\u00e4fte, Feuerwehr und Polizei.&nbsp;<\/p>\n<p>F\u00fcr uns ist Silvester mittlerweile ein Graus. Matilda und Balisto ist das B\u00f6llern egal und Sofia findet gl\u00fccklicherweise schnell zur Ruhe, wenn sie sich zu ihrem Hundepapa ins Bett kuschelt. Doch Emilia LEIDET. <img loading=\"lazy\" decoding=\"async\" class=\"alignnone size-full wp-image-786\" src=\"http:\/\/www.demona.de\/blog\/wp-content\/uploads\/2011\/02\/d015.gif\" alt=\"\" width=\"15\" height=\"17\"><\/p>\n<p>Ginge es nur um ein St\u00fcndchen einmal im Jahr, so wie das noch in meinen Kindertagen der Fall war, dann w\u00e4re es noch zu ertragen. Aber mittlerweile f\u00e4ngt das B\u00f6llern schon Tage vorher an, so dass sie st\u00e4ndig in Alarmbereitschaft ist&#8230; und in der Silvesternacht wird es dann GANZ schlimm.&nbsp;<\/p>\n<p>Dieses Jahr hat alles bisher Erlebte getoppt:&nbsp; Ab 17:30 Uhr wurden immer h\u00e4ufiger Raketen und B\u00f6ller gez\u00fcndet, ab 19:30 Uhr wurde ununterbrochen Dauerfeuer gegeben bis 2:00 Uhr morgens. F\u00fcr einen Hund, der bereits bei Gewitter schlimme Angst hat und nicht mal ansatzweise schussfest ist, eine einzige Tortur. Obwohl wir alles dicht gemacht haben und das Radio im Schlafzimmer recht laut lief, war Emmi mit den Nerven durch&#8230;und ist es immer noch. <img loading=\"lazy\" decoding=\"async\" class=\"alignnone size-full wp-image-786\" src=\"http:\/\/www.demona.de\/blog\/wp-content\/uploads\/2011\/02\/d015.gif\" alt=\"\" width=\"15\" height=\"17\"><\/p>\n<p>Sie traut sich nicht einmal mehr in unseren Garten und l\u00e4sst sich maximal 1x pro Tag von mir aus dem Haus f\u00fchren, um mit ihr in die Pampa zu fahren. Man bekommt sie dann auch nur mit sanfter Gewalt aus dem Auto.&nbsp; Nachdem sie sich gel\u00f6st hat, m\u00f6chte sie am liebsten gleich wieder umkehren&#8230;. bl\u00f6derweise hat es auch in den ersten Tagen des neuen Jahres jedesmal geknallt. Im Wald. Im Naturschutzgebiet. Und schon war die Panik wieder da!&nbsp;<\/p>\n<p>Da wir leider mit so was rechnen mussten, tr\u00e4gt sie schon seit der letzten Dezemberwoche wieder ihr Sicherheitsgeschirr und wird nicht mehr abgeleint&#8230;.und das wird sicher noch ein Weilchen so bleiben.&nbsp;<\/p>\n<p>Heute Nachmittag hat sich das Emm-Emm aber endlich wieder in den Garten getraut. Ganz alleine. Ohne Einsatz von Leckerchen. Und gl\u00fccklicherweise ohne dass irgendein Depp wieder eine \u00fcbrig geliebene Rakete abgefeuert hat!<br \/>\n<img loading=\"lazy\" decoding=\"async\" class=\"alignnone size-full wp-image-704\" src=\"http:\/\/www.demona.de\/blog\/wp-content\/uploads\/2011\/01\/36.gif\" alt=\"\" width=\"32\" height=\"26\"><br \/>\nNun bleibt nur zu hoffen, dass es jetzt von Tag zu Tag besser wird und Emilia bald nicht mehr damit rechnet, dass ihr jederzeit der Himmel auf den Kopf fallen k\u00f6nnte. Dann k\u00f6nnen wir hoffentlich von der kurzen Leine auf die Schleppleine umsteigen, ihr irgendwann wieder ein normales F\u00fchrgeschirr anziehen und ihr schlie\u00dflich wieder den Freilauf schenken, den ein aktiver und gesunder Hund im besten Alter so dringend braucht!<\/p>\n<p>Lange Rede, kurzer Sinn: Falls jemand &#8211; so wie wir &#8211; ein bundesweites B\u00f6llerverbot f\u00fcr Privatpersonen unterst\u00fctzen m\u00f6chte, der kann ja die hier verlinkte Petition der Gewerkschaft der Berliner Polizeit unterschreiben und unterst\u00fctzen.&nbsp;<\/p>\n<p><a href=\"https:\/\/innn.it\/boellerverbot\" target=\"_blank\" rel=\"noopener\">https:\/\/innn.it\/boellerverbot<\/a><\/p>\n","protected":false},"excerpt":{"rendered":"<p>F\u00fcr viele Menschen ist der Jahreswechsel ein freudiges Ereignis und Grund zum Feiern&#8230; incl. Feuerwerk. Diesen Menschen m\u00f6chte ich ihre Freude an sich nicht vermiesen, doch ich frage mich immer \u00f6fter, warum einige Menschen es derma\u00dfen \u00fcbertreiben m\u00fcssen, dass nicht nur die Umwelt (Thema &#8222;Feinstaub&#8220;), sehr viele Haus- und Wildtiere sowie auch unbeteiligte Menschen darunter [&hellip;]<\/p>\n","protected":false},"author":2,"featured_media":0,"comment_status":"open","ping_status":"closed","sticky":false,"template":"","format":"standard","meta":{"ngg_post_thumbnail":0,"footnotes":""},"categories":[5],"tags":[],"class_list":["post-12452","post","type-post","status-publish","format-standard","hentry","category-wauzis"],"_links":{"self":[{"href":"http:\/\/www.demona.de\/blog\/index.php?rest_route=\/wp\/v2\/posts\/12452","targetHints":{"allow":["GET"]}}],"collection":[{"href":"http:\/\/www.demona.de\/blog\/index.php?rest_route=\/wp\/v2\/posts"}],"about":[{"href":"http:\/\/www.demona.de\/blog\/index.php?rest_route=\/wp\/v2\/types\/post"}],"author":[{"embeddable":true,"href":"http:\/\/www.demona.de\/blog\/index.php?rest_route=\/wp\/v2\/users\/2"}],"replies":[{"embeddable":true,"href":"http:\/\/www.demona.de\/blog\/index.php?rest_route=%2Fwp%2Fv2%2Fcomments&post=12452"}],"version-history":[{"count":6,"href":"http:\/\/www.demona.de\/blog\/index.php?rest_route=\/wp\/v2\/posts\/12452\/revisions"}],"predecessor-version":[{"id":12477,"href":"http:\/\/www.demona.de\/blog\/index.php?rest_route=\/wp\/v2\/posts\/12452\/revisions\/12477"}],"wp:attachment":[{"href":"http:\/\/www.demona.de\/blog\/index.php?rest_route=%2Fwp%2Fv2%2Fmedia&parent=12452"}],"wp:term":[{"taxonomy":"category","embeddable":true,"href":"http:\/\/www.demona.de\/blog\/index.php?rest_route=%2Fwp%2Fv2%2Fcategories&post=12452"},{"taxonomy":"post_tag","embeddable":true,"href":"http:\/\/www.demona.de\/blog\/index.php?rest_route=%2Fwp%2Fv2%2Ftags&post=12452"}],"curies":[{"name":"wp","href":"https:\/\/api.w.org\/{rel}","templated":true}]}}