{"id":12445,"date":"2026-01-01T11:07:05","date_gmt":"2026-01-01T11:07:05","guid":{"rendered":"http:\/\/www.demona.de\/blog\/?p=12445"},"modified":"2026-01-29T23:02:03","modified_gmt":"2026-01-29T23:02:03","slug":"happy-birthday-matilda-7","status":"publish","type":"post","link":"http:\/\/www.demona.de\/blog\/?p=12445","title":{"rendered":"Happy Birthday, Matilda!"},"content":{"rendered":"<p>Wir k\u00f6nnen es kaum fassen, dass Matilda heute 12 Jahre alt geworden ist!&nbsp;<\/p>\n<p><img loading=\"lazy\" decoding=\"async\" class=\"alignnone size-full wp-image-12448\" src=\"http:\/\/www.demona.de\/blog\/wp-content\/uploads\/2026\/01\/IMG_6271-e1768599409879.jpg\" alt=\"\" width=\"372\" height=\"500\"><\/p>\n<p>Die letzten Jahre waren eine Aneinanderreihung gesundheitlicher Katastrophen, wie leider auch bei vielen ihrer Wurfgeschwister, von denen einige schon \u00fcber die Regenbogenbr\u00fccke gegangen sind. Doch Mati ist und bleibt eine kleine K\u00e4mpferin. Stur bis zum Geht-nicht-mehr, mit einem eisernen Lebenswillen und einer geh\u00f6rigen Portion guter Laune, wackelt sie durch&#8217;s Leben. Und solange sie uns so deutlich zeigt, dass sie weiterleben m\u00f6chte, tun wir alles, was in unserer und in der Macht diverser Tier\u00e4rzte (und vieler Medikamente) liegt, damit sie noch so viel Lebensqualit\u00e4t wie m\u00f6glich hat.&nbsp;&nbsp;<\/p>\n<p>Matilda ist tats\u00e4chlich immer noch unser kleiner Terrorkr\u00fcmel. Dem \u00e4u\u00dferen Anschein nach k\u00f6nnte der unbedarfte Beobachter sie f\u00fcr eine ruhige und weise Hunde-Oma halten&#8230; und wundert sich dann, wenn das kleine Hundchen pl\u00f6tzlich mit blitzenden Augen und ebenso blitzenden Z\u00e4hnchen allzu forsche Junghunde verhaut oder beim &#8222;Ausladen&#8220; unserer restlichen Hundebande aus dem Auto am Fu\u00df der Rampe auf die Gro\u00dfen wartet, um sie kurz zu ma\u00dfregeln (einfach nur weil sie das lustig findet) und sich dann eine Leine zu schnappen, um dran zu zerren. Mein Mann regt sich immer noch \u00fcber dieses unerzogene Kleintier auf&#8230; aber ich freue mich insgeheim dr\u00fcber, dass sie weiterhin nur Quatsch im Kopf hat. <img loading=\"lazy\" decoding=\"async\" class=\"alignnone size-full wp-image-759\" src=\"http:\/\/www.demona.de\/blog\/wp-content\/uploads\/2011\/01\/80.gif\" alt=\"\" width=\"15\" height=\"15\"><\/p>\n<p>Ganz besonders liebe ich unser kleines Ritual beim Heimkommen: da Mati jedesmal der Nachbarschaft laut kl\u00e4ffend mitteilen m\u00f6chte, dass sie wieder da ist, hebe ich sie aus dem Wagen, schlie\u00dfe ab&#8230;und stopfe ihr dann den Schl\u00fcsselanh\u00e4nger ins Schn\u00fctchen. Sie rennt dann zwar immer noch kl\u00e4ffend an die Haust\u00fcr, aber so wird die Lautst\u00e4rke wenigstens ein bisschen ged\u00e4mpft. <img loading=\"lazy\" decoding=\"async\" class=\"alignnone size-full wp-image-712\" src=\"http:\/\/www.demona.de\/blog\/wp-content\/uploads\/2011\/01\/a055.gif\" alt=\"\" width=\"15\" height=\"19\"><\/p>\n<p>Mati&#8230; du bist und bleibst mein &#8222;Baby&#8220;, meine kleine Kartoffel, mein Sonnenschein. Und ich hoffe so sehr, dass wir noch viel Zeit rausschinden k\u00f6nnen und auch noch deinen n\u00e4chsten Geburtstag feiern k\u00f6nnen! <img loading=\"lazy\" decoding=\"async\" class=\"alignnone size-full wp-image-716\" src=\"http:\/\/www.demona.de\/blog\/wp-content\/uploads\/2011\/01\/fa6f4fc0dac72965263ae8d8f88127b3.png\" alt=\"\" width=\"16\" height=\"16\"><\/p>\n","protected":false},"excerpt":{"rendered":"<p>Wir k\u00f6nnen es kaum fassen, dass Matilda heute 12 Jahre alt geworden ist!&nbsp; Die letzten Jahre waren eine Aneinanderreihung gesundheitlicher Katastrophen, wie leider auch bei vielen ihrer Wurfgeschwister, von denen einige schon \u00fcber die Regenbogenbr\u00fccke gegangen sind. Doch Mati ist und bleibt eine kleine K\u00e4mpferin. Stur bis zum Geht-nicht-mehr, mit einem eisernen Lebenswillen und einer [&hellip;]<\/p>\n","protected":false},"author":2,"featured_media":0,"comment_status":"open","ping_status":"closed","sticky":false,"template":"","format":"standard","meta":{"ngg_post_thumbnail":0,"footnotes":""},"categories":[5],"tags":[],"class_list":["post-12445","post","type-post","status-publish","format-standard","hentry","category-wauzis"],"_links":{"self":[{"href":"http:\/\/www.demona.de\/blog\/index.php?rest_route=\/wp\/v2\/posts\/12445","targetHints":{"allow":["GET"]}}],"collection":[{"href":"http:\/\/www.demona.de\/blog\/index.php?rest_route=\/wp\/v2\/posts"}],"about":[{"href":"http:\/\/www.demona.de\/blog\/index.php?rest_route=\/wp\/v2\/types\/post"}],"author":[{"embeddable":true,"href":"http:\/\/www.demona.de\/blog\/index.php?rest_route=\/wp\/v2\/users\/2"}],"replies":[{"embeddable":true,"href":"http:\/\/www.demona.de\/blog\/index.php?rest_route=%2Fwp%2Fv2%2Fcomments&post=12445"}],"version-history":[{"count":5,"href":"http:\/\/www.demona.de\/blog\/index.php?rest_route=\/wp\/v2\/posts\/12445\/revisions"}],"predecessor-version":[{"id":12478,"href":"http:\/\/www.demona.de\/blog\/index.php?rest_route=\/wp\/v2\/posts\/12445\/revisions\/12478"}],"wp:attachment":[{"href":"http:\/\/www.demona.de\/blog\/index.php?rest_route=%2Fwp%2Fv2%2Fmedia&parent=12445"}],"wp:term":[{"taxonomy":"category","embeddable":true,"href":"http:\/\/www.demona.de\/blog\/index.php?rest_route=%2Fwp%2Fv2%2Fcategories&post=12445"},{"taxonomy":"post_tag","embeddable":true,"href":"http:\/\/www.demona.de\/blog\/index.php?rest_route=%2Fwp%2Fv2%2Ftags&post=12445"}],"curies":[{"name":"wp","href":"https:\/\/api.w.org\/{rel}","templated":true}]}}