{"id":12439,"date":"2026-01-01T08:22:19","date_gmt":"2026-01-01T08:22:19","guid":{"rendered":"http:\/\/www.demona.de\/blog\/?p=12439"},"modified":"2026-01-29T23:04:57","modified_gmt":"2026-01-29T23:04:57","slug":"back-again","status":"publish","type":"post","link":"http:\/\/www.demona.de\/blog\/?p=12439","title":{"rendered":"Back again!"},"content":{"rendered":"<p><img loading=\"lazy\" decoding=\"async\" class=\"alignnone size-full wp-image-12440\" src=\"http:\/\/www.demona.de\/blog\/wp-content\/uploads\/2026\/01\/neujahr-e1768594974987.jpg\" alt=\"\" width=\"500\" height=\"375\"><\/p>\n<p>Nach SEHR langer Zeit melde ich mich wieder zur\u00fcck!<\/p>\n<p>In den vergangenen 4 Jahren hat sich nat\u00fcrlich viel getan. Zu viel, um auch nur in Kurzform davon zu berichten. Nur so viel sei gesagt: der Tag hat grunds\u00e4tzlich nicht genug Stunden, um auch nur ansatzweise zu schaffen, was eigentlich getan werden m\u00fcsste. Zumal ich neben Beruf, Haushalt, Familie und Hunden nun auch die Molosser- und die Kampfschmuser-Vermittlungshilfe ganz alleine betreibe. Es werden immer mehr Nothunde, die meisten Tierheime sind proppenvoll und so landen st\u00e4ndig neue Hunde &#8222;auf meinem Schreibtisch&#8220;. Da wird die Zeit f\u00fcr Privates leider immer knapper.&nbsp;<\/p>\n<p>Bei einem dringend notwendigen PHP-Update aller Webseiten bin ich k\u00fcrzlich wieder \u00fcber diesen Blog gestolpert und dabei ist mir aufgefallen, wie traurig es eigentlich ist, kein &#8222;Tagebuch&#8220; mehr zu haben, in dem ich zwischendurch bl\u00e4ttern und mich an fast schon vergessene Episoden aus dem Leben mit unserer Hundebande erinnern kann.&nbsp;<\/p>\n<p>Daher nun der gute Vorsatz f\u00fcr&#8217;s neue Jahr: Wenigstens einmal pro Woche ein Blogeintrag&#8230; und wenn es nur ein Bild ist. Mal gucken, wie lange ich das durchhalte. <img loading=\"lazy\" decoding=\"async\" class=\"alignnone size-full wp-image-759\" src=\"http:\/\/www.demona.de\/blog\/wp-content\/uploads\/2011\/01\/80.gif\" alt=\"\" width=\"15\" height=\"15\">&nbsp;<\/p>\n<p>Ach ja: wie man oben sehen kann, haben wir wieder ein Quartett. Das schwarze Tier zur Linken ist Emilia, eine zarte Cane Corso-H\u00fcndin, die urspr\u00fcnglich aus Ungarn stammt und seit&nbsp; September 2021 bei uns lebt. Heute ist sie ein Traum, aber sie hat es uns und insbesondere Sofia und Balisto nicht einfach gemacht, da sie NICHT nett war und die beiden gro\u00dfen Sensibelchen st\u00e4ndig attackiert hat. Gl\u00fccklicherweise hatte ausgerechnet die Kleinste im Bunde sofort die Fronten gekl\u00e4rt und sich so den Respekt des Neuzugangs verdient. W\u00e4re dem nicht so gewesen, h\u00e4tten wir es nicht riskieren k\u00f6nnen, Emilia zu behalten.&nbsp;<\/p>\n<p>Mit 24\/7 -Management der Hunde, viel Geduld, absoluter Konsequenz (was eigentlich nicht zu unseren St\u00e4rken geh\u00f6rt <img loading=\"lazy\" decoding=\"async\" class=\"alignnone size-full wp-image-759\" src=\"http:\/\/www.demona.de\/blog\/wp-content\/uploads\/2011\/01\/80.gif\" alt=\"\" width=\"15\" height=\"15\">) und viel Zeit haben wir es aber hinbekommen. Emilia hat irgendwann nicht nur die Regeln des sozialen Zusammenlebens erlernt, sondern auch verstanden, dass ihr niemand B\u00f6ses will, dass sie entspannen UND die N\u00e4he der anderen Hunde genie\u00dfen kann. Und so haben wir wieder einmal ein traumhaftes Quartett, auf das ich unglaublich stolz bin! <img loading=\"lazy\" decoding=\"async\" class=\"alignnone size-full wp-image-716\" src=\"http:\/\/www.demona.de\/blog\/wp-content\/uploads\/2011\/01\/fa6f4fc0dac72965263ae8d8f88127b3.png\" alt=\"\" width=\"16\" height=\"16\">&nbsp;<\/p>\n<p>Ansonsten bleibt nur zu sagen, dass wir nat\u00fcrlich alle \u00e4lter und nicht ges\u00fcnder werden. Insbesondere Balisto sieht man sein Alter mittlerweile deutlich an. Auch Matilda wird immer grauer und schleppt mittlerweile einen so gro\u00dfen Sack an Erkrankungen mit sich, dass unsere Vet immer wieder erstaunt ist, dass sie noch lebt UND dabei so gut drauf ist. Sofia hingegen geht es k\u00f6rperlich deutlich besser, daf\u00fcr wird sie im Alter zunehmend t\u00fcddeliger.&nbsp;<\/p>\n<p>Kurz und gut: Wir leben noch und versuchen, jeden Tag zu genie\u00dfen, den wir zusammen haben!<\/p>\n","protected":false},"excerpt":{"rendered":"<p>Nach SEHR langer Zeit melde ich mich wieder zur\u00fcck! In den vergangenen 4 Jahren hat sich nat\u00fcrlich viel getan. Zu viel, um auch nur in Kurzform davon zu berichten. Nur so viel sei gesagt: der Tag hat grunds\u00e4tzlich nicht genug Stunden, um auch nur ansatzweise zu schaffen, was eigentlich getan werden m\u00fcsste. Zumal ich neben [&hellip;]<\/p>\n","protected":false},"author":2,"featured_media":0,"comment_status":"open","ping_status":"closed","sticky":false,"template":"","format":"standard","meta":{"ngg_post_thumbnail":0,"footnotes":""},"categories":[5],"tags":[],"class_list":["post-12439","post","type-post","status-publish","format-standard","hentry","category-wauzis"],"_links":{"self":[{"href":"http:\/\/www.demona.de\/blog\/index.php?rest_route=\/wp\/v2\/posts\/12439","targetHints":{"allow":["GET"]}}],"collection":[{"href":"http:\/\/www.demona.de\/blog\/index.php?rest_route=\/wp\/v2\/posts"}],"about":[{"href":"http:\/\/www.demona.de\/blog\/index.php?rest_route=\/wp\/v2\/types\/post"}],"author":[{"embeddable":true,"href":"http:\/\/www.demona.de\/blog\/index.php?rest_route=\/wp\/v2\/users\/2"}],"replies":[{"embeddable":true,"href":"http:\/\/www.demona.de\/blog\/index.php?rest_route=%2Fwp%2Fv2%2Fcomments&post=12439"}],"version-history":[{"count":6,"href":"http:\/\/www.demona.de\/blog\/index.php?rest_route=\/wp\/v2\/posts\/12439\/revisions"}],"predecessor-version":[{"id":12479,"href":"http:\/\/www.demona.de\/blog\/index.php?rest_route=\/wp\/v2\/posts\/12439\/revisions\/12479"}],"wp:attachment":[{"href":"http:\/\/www.demona.de\/blog\/index.php?rest_route=%2Fwp%2Fv2%2Fmedia&parent=12439"}],"wp:term":[{"taxonomy":"category","embeddable":true,"href":"http:\/\/www.demona.de\/blog\/index.php?rest_route=%2Fwp%2Fv2%2Fcategories&post=12439"},{"taxonomy":"post_tag","embeddable":true,"href":"http:\/\/www.demona.de\/blog\/index.php?rest_route=%2Fwp%2Fv2%2Ftags&post=12439"}],"curies":[{"name":"wp","href":"https:\/\/api.w.org\/{rel}","templated":true}]}}