{"id":12368,"date":"2021-05-31T11:34:59","date_gmt":"2021-05-31T11:34:59","guid":{"rendered":"http:\/\/www.demona.de\/blog\/?p=12368"},"modified":"2021-07-08T08:37:36","modified_gmt":"2021-07-08T08:37:36","slug":"ruhe-sanft-nathan","status":"publish","type":"post","link":"http:\/\/www.demona.de\/blog\/?p=12368","title":{"rendered":"Ruhe sanft, Nathan!"},"content":{"rendered":"<p>Nathan<br \/>\n\u2020 31.05.2021<\/p>\n<p><img loading=\"lazy\" decoding=\"async\" class=\"alignnone size-full wp-image-12374\" src=\"http:\/\/www.demona.de\/blog\/wp-content\/uploads\/2021\/05\/nathan_rip.png\" alt=\"\" width=\"619\" height=\"450\" srcset=\"http:\/\/www.demona.de\/blog\/wp-content\/uploads\/2021\/05\/nathan_rip.png 619w, http:\/\/www.demona.de\/blog\/wp-content\/uploads\/2021\/05\/nathan_rip-300x218.png 300w, http:\/\/www.demona.de\/blog\/wp-content\/uploads\/2021\/05\/nathan_rip-206x150.png 206w\" sizes=\"auto, (max-width: 619px) 100vw, 619px\" \/><\/p>\n<p>Auch wenn ich seit einer Weile wusste, dass Nathan krank war, kam das Ende dann doch fr\u00fcher als erwartet&#8230;. und hat nicht nur seine Menschen arg mitgenommen, sondern auch uns tief ber\u00fchrt.<\/p>\n<p>Ich durfte den wundersch\u00f6nen Burschen fast sein ganzes Leben lang aus der Ferne begleiten, seitdem er als Junghund zu einem lieben Freund ins Erzgebirge gezogen war, der schon vorher einige Rottweiler gehabt hatte. In seiner Sturm-und-Drang-Zeit hat Nathan nichts anbrennen lassen, aber er hat sich zu einem sehr sicheren und gut erzogenen Hund gemausert, der unglaublich an seiner Familie hing und mit Freude zur Schule ging, um Kinder an den Umgang mit Hunden zu gew\u00f6hnen und \u00c4ngste abzubauen.&nbsp;<\/p>\n<p>Von daher habe ich mich sehr gefreut, als wir Nathan w\u00e4hrend unseres letzten Urlaubs endlich pers\u00f6nlich kennenlernen durften. Selbst im eigenen Garten hat er unser Trio relativ schnell akzeptiert und war vor allem im Umgang mit der kleinen Matilda super geduldig. Nach ihrer L\u00e4ufigkeit roch sie noch extrem interessant&#8230;wollte aber partout keine dicke Rotti-Nase an ihrem Pop\u00f6chen haben und wurde ziemlich grantig. Doch Nathan blieb ganz &#8222;gentledog&#8220;. <img loading=\"lazy\" decoding=\"async\" class=\"alignnone size-full wp-image-716\" src=\"http:\/\/www.demona.de\/blog\/wp-content\/uploads\/2011\/01\/fa6f4fc0dac72965263ae8d8f88127b3.png\" alt=\"\" width=\"16\" height=\"16\"><\/p>\n<p>Mich hat dieser sanfte und ruhe R\u00fcde jedenfalls sehr beeindruckt und ich h\u00e4tte ihm und seinen Menschen noch viele gemeinsame Jahre geg\u00f6nnt. Doch es hat nicht sollen sein&#8230; Nathan musste im Alter von knapp 11 Jahren erl\u00f6st werden.<\/p>\n","protected":false},"excerpt":{"rendered":"<p>Nathan \u2020 31.05.2021 Auch wenn ich seit einer Weile wusste, dass Nathan krank war, kam das Ende dann doch fr\u00fcher als erwartet&#8230;. und hat nicht nur seine Menschen arg mitgenommen, sondern auch uns tief ber\u00fchrt. Ich durfte den wundersch\u00f6nen Burschen fast sein ganzes Leben lang aus der Ferne begleiten, seitdem er als Junghund zu einem [&hellip;]<\/p>\n","protected":false},"author":2,"featured_media":0,"comment_status":"open","ping_status":"closed","sticky":false,"template":"","format":"standard","meta":{"ngg_post_thumbnail":0,"footnotes":""},"categories":[8],"tags":[],"class_list":["post-12368","post","type-post","status-publish","format-standard","hentry","category-regenbogenbrucke"],"_links":{"self":[{"href":"http:\/\/www.demona.de\/blog\/index.php?rest_route=\/wp\/v2\/posts\/12368","targetHints":{"allow":["GET"]}}],"collection":[{"href":"http:\/\/www.demona.de\/blog\/index.php?rest_route=\/wp\/v2\/posts"}],"about":[{"href":"http:\/\/www.demona.de\/blog\/index.php?rest_route=\/wp\/v2\/types\/post"}],"author":[{"embeddable":true,"href":"http:\/\/www.demona.de\/blog\/index.php?rest_route=\/wp\/v2\/users\/2"}],"replies":[{"embeddable":true,"href":"http:\/\/www.demona.de\/blog\/index.php?rest_route=%2Fwp%2Fv2%2Fcomments&post=12368"}],"version-history":[{"count":7,"href":"http:\/\/www.demona.de\/blog\/index.php?rest_route=\/wp\/v2\/posts\/12368\/revisions"}],"predecessor-version":[{"id":12405,"href":"http:\/\/www.demona.de\/blog\/index.php?rest_route=\/wp\/v2\/posts\/12368\/revisions\/12405"}],"wp:attachment":[{"href":"http:\/\/www.demona.de\/blog\/index.php?rest_route=%2Fwp%2Fv2%2Fmedia&parent=12368"}],"wp:term":[{"taxonomy":"category","embeddable":true,"href":"http:\/\/www.demona.de\/blog\/index.php?rest_route=%2Fwp%2Fv2%2Fcategories&post=12368"},{"taxonomy":"post_tag","embeddable":true,"href":"http:\/\/www.demona.de\/blog\/index.php?rest_route=%2Fwp%2Fv2%2Ftags&post=12368"}],"curies":[{"name":"wp","href":"https:\/\/api.w.org\/{rel}","templated":true}]}}