{"id":12364,"date":"2021-05-26T08:35:23","date_gmt":"2021-05-26T08:35:23","guid":{"rendered":"http:\/\/www.demona.de\/blog\/?p=12364"},"modified":"2021-06-11T08:48:11","modified_gmt":"2021-06-11T08:48:11","slug":"erziehungsversuch","status":"publish","type":"post","link":"http:\/\/www.demona.de\/blog\/?p=12364","title":{"rendered":"Erziehungsversuch"},"content":{"rendered":"<p>Balisto ist ein &#8222;Rausst\u00fcrmer&#8220;&#8230;. \u00f6ffnet man ihm die Terrassent\u00fcr, rast er wie ein Irrer quer durch den Garten, wohl in der Hoffnung, irgendwann einmal einen Vogel oder eine Katze zu erwischen. Ich muss das zwar nicht verstehen, weil der Nachbarskater wohlweislich immer auf seiner Seite des Zauns bleibt und V\u00f6gel eher selten auf der Wiese sitzen, und er noch nie einen Jagderfolg hatte, aber wer weiss schon, was in seinem K\u00f6pfchen vor sich geht.&nbsp;&nbsp;<\/p>\n<p>Heute hat G\u00f6rk in aller Herrgottsfr\u00fche beschlossen, das nicht mehr zu dulden und darauf zu bestehen, dass der Chaot das Haus gesittet verl\u00e4sst. Es hie\u00df also &#8222;Sitz und Bleib&#8220;, worauf sich Bali auch artig hinsetzte,&nbsp; aber gleich lospreschen wollte, sobald sich die T\u00fcr auch nur ansatzweise \u00f6ffnete. Mein G\u00f6ttergatte schloss die T\u00fcr daraufhin mit einem strengen &#8222;Nein&#8220; und wiederholte sein &#8222;Sitz und Bleib&#8220;.&nbsp;<\/p>\n<p>Bali sitzt, die T\u00fcr \u00f6ffnet sich, Bali schnellt vor, die T\u00fcr schlie\u00dft sich wieder: &#8222;NEIN!&#8220;<\/p>\n<p>Dritter Versuch: &#8222;Sitz und Bleib&#8220;. Bali setzt sich nicht, schaut G\u00f6rk an, zuckt in Gedanken wahrscheinlich mit den Schultern und sagt sich &#8222;Dann eben nicht&#8220;&#8230;. dreht sich um, tapst zur\u00fcck ins Schlafzimmer und legt sich wieder ins Bett.&nbsp;<\/p>\n<p>Was soll man dazu noch sagen?<br \/>\n<img loading=\"lazy\" decoding=\"async\" class=\"alignnone size-full wp-image-1114\" src=\"http:\/\/www.demona.de\/blog\/wp-content\/uploads\/2011\/05\/kicher.gif\" alt=\"\" width=\"15\" height=\"15\"> <img loading=\"lazy\" decoding=\"async\" class=\"alignnone size-full wp-image-1114\" src=\"http:\/\/www.demona.de\/blog\/wp-content\/uploads\/2011\/05\/kicher.gif\" alt=\"\" width=\"15\" height=\"15\"> <img loading=\"lazy\" decoding=\"async\" class=\"alignnone size-full wp-image-1114\" src=\"http:\/\/www.demona.de\/blog\/wp-content\/uploads\/2011\/05\/kicher.gif\" alt=\"\" width=\"15\" height=\"15\"><\/p>\n","protected":false},"excerpt":{"rendered":"<p>Balisto ist ein &#8222;Rausst\u00fcrmer&#8220;&#8230;. \u00f6ffnet man ihm die Terrassent\u00fcr, rast er wie ein Irrer quer durch den Garten, wohl in der Hoffnung, irgendwann einmal einen Vogel oder eine Katze zu erwischen. Ich muss das zwar nicht verstehen, weil der Nachbarskater wohlweislich immer auf seiner Seite des Zauns bleibt und V\u00f6gel eher selten auf der Wiese [&hellip;]<\/p>\n","protected":false},"author":2,"featured_media":0,"comment_status":"open","ping_status":"closed","sticky":false,"template":"","format":"standard","meta":{"ngg_post_thumbnail":0,"footnotes":""},"categories":[5],"tags":[],"class_list":["post-12364","post","type-post","status-publish","format-standard","hentry","category-wauzis"],"_links":{"self":[{"href":"http:\/\/www.demona.de\/blog\/index.php?rest_route=\/wp\/v2\/posts\/12364","targetHints":{"allow":["GET"]}}],"collection":[{"href":"http:\/\/www.demona.de\/blog\/index.php?rest_route=\/wp\/v2\/posts"}],"about":[{"href":"http:\/\/www.demona.de\/blog\/index.php?rest_route=\/wp\/v2\/types\/post"}],"author":[{"embeddable":true,"href":"http:\/\/www.demona.de\/blog\/index.php?rest_route=\/wp\/v2\/users\/2"}],"replies":[{"embeddable":true,"href":"http:\/\/www.demona.de\/blog\/index.php?rest_route=%2Fwp%2Fv2%2Fcomments&post=12364"}],"version-history":[{"count":3,"href":"http:\/\/www.demona.de\/blog\/index.php?rest_route=\/wp\/v2\/posts\/12364\/revisions"}],"predecessor-version":[{"id":12367,"href":"http:\/\/www.demona.de\/blog\/index.php?rest_route=\/wp\/v2\/posts\/12364\/revisions\/12367"}],"wp:attachment":[{"href":"http:\/\/www.demona.de\/blog\/index.php?rest_route=%2Fwp%2Fv2%2Fmedia&parent=12364"}],"wp:term":[{"taxonomy":"category","embeddable":true,"href":"http:\/\/www.demona.de\/blog\/index.php?rest_route=%2Fwp%2Fv2%2Fcategories&post=12364"},{"taxonomy":"post_tag","embeddable":true,"href":"http:\/\/www.demona.de\/blog\/index.php?rest_route=%2Fwp%2Fv2%2Ftags&post=12364"}],"curies":[{"name":"wp","href":"https:\/\/api.w.org\/{rel}","templated":true}]}}