{"id":12358,"date":"2021-05-24T16:07:54","date_gmt":"2021-05-24T16:07:54","guid":{"rendered":"http:\/\/www.demona.de\/blog\/?p=12358"},"modified":"2021-06-09T06:27:53","modified_gmt":"2021-06-09T06:27:53","slug":"testhunde","status":"publish","type":"post","link":"http:\/\/www.demona.de\/blog\/?p=12358","title":{"rendered":"Testhunde"},"content":{"rendered":"<p>Heute mussten Matilda und Sofia als Testhunde herhalten. <img loading=\"lazy\" decoding=\"async\" class=\"alignnone size-full wp-image-759\" src=\"http:\/\/www.demona.de\/blog\/wp-content\/uploads\/2011\/01\/80.gif\" alt=\"\" width=\"15\" height=\"15\"><\/p>\n<p>Wir haben bei der Molosser-Vermittlungshilfe einen Cane Corso-R\u00fcden &#8222;reinbekommen&#8220;, der es leider nicht einfach haben wird, ein neues Zuhause zu finden, da er nicht nur fremden Menschen und Artgenossen gegen\u00fcber eher misstrauisch ist, sondern zu allem \u00dcberfluss auch noch Epileptiker ist.<\/p>\n<p>Da Balu hier in der N\u00e4he lebt und er nun schon seit gut 6 Monaten keine Hundekontakte hatte, wollte ich gerne selber sehen, wie er sich bei dem Anblick und ggf. bei direkten Begegnungen mit Artgenossen macht, und so haben wir uns einfach mal zu einem gemeinsamen Spaziergang verabredet.&nbsp; &nbsp; &nbsp;<\/p>\n<p>Der Bursche war anfangs recht aufgeregt, zog an der Leine und junkerte halblaut vor sich hin, ohne jedoch echte Aggression zu zeigen. Da wir keine unn\u00f6tigen Risiken eingehen wollten (irgendwie h\u00e4nge ich ja auch an meinen M\u00e4dchen&#8230;. <img loading=\"lazy\" decoding=\"async\" class=\"alignnone size-full wp-image-759\" src=\"http:\/\/www.demona.de\/blog\/wp-content\/uploads\/2011\/01\/80.gif\" alt=\"\" width=\"15\" height=\"15\"> ), war er nat\u00fcrlich entsprechend gesichert und durfte sich nur langsam n\u00e4hern.<\/p>\n<p>Nachdem Balu der kleinen Matilda mehrmals interessiert-schnufelnd den Maulkorb gegen den P\u00f6ppes gedr\u00fcckt hatte, gab es von ihr eine heftige Zurechtweisung, die er sich nicht gefallen lassen hat. Dies war aber wohl nur der ersten Aufregung geschuldet. Nachdem die beiden sich n\u00e4mlich im Freilauf gute 45 Minuten lang nur noch im Vorbeilaufen wahrgenommen, aber ansonsten ignoriert hatten, beschloss mein kleiner tasmanischer Teufel spontan, den imposanten R\u00fcden w\u00e4hrend einer kurzen Pause einzunorden, weil er sich unbedacht gen\u00e4hert hatte&#8230;. und&nbsp; sprang ihm mitten ins Gesicht!<br \/>\n<img loading=\"lazy\" decoding=\"async\" class=\"alignnone size-full wp-image-418\" src=\"http:\/\/www.demona.de\/blog\/wp-content\/uploads\/2010\/10\/s030.gif\" alt=\"\" width=\"19\" height=\"25\"><br \/>\nGl\u00fccklicherweise hat Balu da aber vorbildlich reagiert, ist ruhig geblieben und einfach nur zur Seite gesprungen.&nbsp;<\/p>\n<p>Mit Sofia hat er sich \u00fcbrigens &#8211; wie erwartet &#8211; nach einem kurzen angespannten Beschnuppern sofort verstanden. Die beiden sind gleich losgespurtet, haben k\u00f6rperbetont gespielt, sich gegenseitig gejagt und Balu hat sich zwischendurch immer wieder auf den Boden geworfen und sich \u00fcberm\u00fctig gew\u00e4lzt.<\/p>\n<p>Fazit: Bei diesem &#8222;Kerlchen&#8220; ist sicher nicht Hopfen und Malz verloren. Ein erfahrener und souver\u00e4ner Hundehalter, der ihm auch k\u00f6rperlich gewachsen ist&nbsp; und ihn bei Hundebegegnungen vern\u00fcnftig anleitet, d\u00fcrfte hier also noch gute Fortschritte erzielen k\u00f6nnen.<\/p>\n<p>Hier geht es zu seinem Gesuch: <a href=\"https:\/\/molosser-vermittlungshilfe.de\/cane-corso\/cane-corso-balu-ruede-14-11-2017-notfall\/\" target=\"_blank\" rel=\"noopener\">Notfall! Cane Corso-R\u00fcde Balu<\/a><\/p>\n<p><img loading=\"lazy\" decoding=\"async\" class=\"alignnone size-full wp-image-12359\" src=\"http:\/\/www.demona.de\/blog\/wp-content\/uploads\/2021\/06\/DSC0007-scaled-e1623219897456.jpeg\" alt=\"\" width=\"645\" height=\"400\"><\/p>\n","protected":false},"excerpt":{"rendered":"<p>Heute mussten Matilda und Sofia als Testhunde herhalten. Wir haben bei der Molosser-Vermittlungshilfe einen Cane Corso-R\u00fcden &#8222;reinbekommen&#8220;, der es leider nicht einfach haben wird, ein neues Zuhause zu finden, da er nicht nur fremden Menschen und Artgenossen gegen\u00fcber eher misstrauisch ist, sondern zu allem \u00dcberfluss auch noch Epileptiker ist. Da Balu hier in der N\u00e4he [&hellip;]<\/p>\n","protected":false},"author":2,"featured_media":0,"comment_status":"open","ping_status":"closed","sticky":false,"template":"","format":"standard","meta":{"ngg_post_thumbnail":0,"footnotes":""},"categories":[7,5],"tags":[],"class_list":["post-12358","post","type-post","status-publish","format-standard","hentry","category-tierschutz","category-wauzis"],"_links":{"self":[{"href":"http:\/\/www.demona.de\/blog\/index.php?rest_route=\/wp\/v2\/posts\/12358","targetHints":{"allow":["GET"]}}],"collection":[{"href":"http:\/\/www.demona.de\/blog\/index.php?rest_route=\/wp\/v2\/posts"}],"about":[{"href":"http:\/\/www.demona.de\/blog\/index.php?rest_route=\/wp\/v2\/types\/post"}],"author":[{"embeddable":true,"href":"http:\/\/www.demona.de\/blog\/index.php?rest_route=\/wp\/v2\/users\/2"}],"replies":[{"embeddable":true,"href":"http:\/\/www.demona.de\/blog\/index.php?rest_route=%2Fwp%2Fv2%2Fcomments&post=12358"}],"version-history":[{"count":4,"href":"http:\/\/www.demona.de\/blog\/index.php?rest_route=\/wp\/v2\/posts\/12358\/revisions"}],"predecessor-version":[{"id":12362,"href":"http:\/\/www.demona.de\/blog\/index.php?rest_route=\/wp\/v2\/posts\/12358\/revisions\/12362"}],"wp:attachment":[{"href":"http:\/\/www.demona.de\/blog\/index.php?rest_route=%2Fwp%2Fv2%2Fmedia&parent=12358"}],"wp:term":[{"taxonomy":"category","embeddable":true,"href":"http:\/\/www.demona.de\/blog\/index.php?rest_route=%2Fwp%2Fv2%2Fcategories&post=12358"},{"taxonomy":"post_tag","embeddable":true,"href":"http:\/\/www.demona.de\/blog\/index.php?rest_route=%2Fwp%2Fv2%2Ftags&post=12358"}],"curies":[{"name":"wp","href":"https:\/\/api.w.org\/{rel}","templated":true}]}}