{"id":12018,"date":"2020-06-30T17:11:54","date_gmt":"2020-06-30T17:11:54","guid":{"rendered":"http:\/\/www.demona.de\/blog\/?p=12018"},"modified":"2020-07-12T07:37:37","modified_gmt":"2020-07-12T07:37:37","slug":"endlich-wieder-hundeschule-2","status":"publish","type":"post","link":"http:\/\/www.demona.de\/blog\/?p=12018","title":{"rendered":"Endlich wieder Hundeschule!"},"content":{"rendered":"<p>Nach Monaten konnte ich endlich mal wieder zu einem Treffen vom &#8222;Goldenen Hund&#8220; fahren. Der heutige Trainingsschwerpunkt lag auf Abbruch&#8230; also genau das richtige Thema f\u00fcr Balisto. <img loading=\"lazy\" decoding=\"async\" class=\"alignnone size-full wp-image-759\" src=\"http:\/\/www.demona.de\/blog\/wp-content\/uploads\/2011\/01\/80.gif\" alt=\"\" width=\"15\" height=\"15\"><\/p>\n<p>Nachdem ich Katrin vom Balis letztem Ausflug erz\u00e4hlt hatte, versprach sie, sich mal Gedanken zu machen&#8230;. bei ihm ist die Problematik ja etwas anders gelagert, da er ja nicht nur auf entsprechende Reize reagiert, die bei ihm Jagdverhalten ausl\u00f6sen, sondern aktiv sucht, selbst wenn weit und breit nichts zu sehen ist. Ihm reicht es schon zu wissen, dass in der N\u00e4he von Fl\u00fcssen und Seen mit hoher Wahrscheinlichkeit Wasserv\u00f6gel sein k\u00f6nnten, um auf eine Chance zu lauern, sich von mir zu entfernen und jagen zu gehen.&nbsp;<\/p>\n<p>Ist er direkt bei mir und wei\u00df, dass ich ihn im Blick habe, k\u00f6nnen wir selbst in geringer Distanz (ca. 15 m) an Enten und G\u00e4nsen vorbeilaufen, ohne dass er losprescht&#8230; ganz im Gegenteil: er vermeidet sogar jeden Blick zum Federvieh!<\/p>\n<p>Das hat man auch ganz deutlich bei einer \u00dcbung gesehen, bei der ein Sch\u00e4lchen mit &#8222;lecker&#8220; duftendem Katzenfutter in die Mitte unserer Hundegruppe gestellt wurde. Aufgabe war es nun, mit lockerer Leine und ohne den Hund in ein Kommando zu nehmen, um das Sch\u00e4lchen rumzuschlendern und den Hund (idealerweise nur stimmlich) zu korrigieren, sobald er sich f\u00fcr das Futter interessiert. Bei Balisto reichte EINE Korrektur&#8230;. danach hat er ganz gezielt von der Versuchung weggeguckt!&nbsp;&nbsp;<\/p>\n","protected":false},"excerpt":{"rendered":"<p>Nach Monaten konnte ich endlich mal wieder zu einem Treffen vom &#8222;Goldenen Hund&#8220; fahren. Der heutige Trainingsschwerpunkt lag auf Abbruch&#8230; also genau das richtige Thema f\u00fcr Balisto. Nachdem ich Katrin vom Balis letztem Ausflug erz\u00e4hlt hatte, versprach sie, sich mal Gedanken zu machen&#8230;. bei ihm ist die Problematik ja etwas anders gelagert, da er ja [&hellip;]<\/p>\n","protected":false},"author":2,"featured_media":0,"comment_status":"open","ping_status":"closed","sticky":false,"template":"","format":"standard","meta":{"ngg_post_thumbnail":0,"footnotes":""},"categories":[5],"tags":[],"class_list":["post-12018","post","type-post","status-publish","format-standard","hentry","category-wauzis"],"_links":{"self":[{"href":"http:\/\/www.demona.de\/blog\/index.php?rest_route=\/wp\/v2\/posts\/12018","targetHints":{"allow":["GET"]}}],"collection":[{"href":"http:\/\/www.demona.de\/blog\/index.php?rest_route=\/wp\/v2\/posts"}],"about":[{"href":"http:\/\/www.demona.de\/blog\/index.php?rest_route=\/wp\/v2\/types\/post"}],"author":[{"embeddable":true,"href":"http:\/\/www.demona.de\/blog\/index.php?rest_route=\/wp\/v2\/users\/2"}],"replies":[{"embeddable":true,"href":"http:\/\/www.demona.de\/blog\/index.php?rest_route=%2Fwp%2Fv2%2Fcomments&post=12018"}],"version-history":[{"count":1,"href":"http:\/\/www.demona.de\/blog\/index.php?rest_route=\/wp\/v2\/posts\/12018\/revisions"}],"predecessor-version":[{"id":12019,"href":"http:\/\/www.demona.de\/blog\/index.php?rest_route=\/wp\/v2\/posts\/12018\/revisions\/12019"}],"wp:attachment":[{"href":"http:\/\/www.demona.de\/blog\/index.php?rest_route=%2Fwp%2Fv2%2Fmedia&parent=12018"}],"wp:term":[{"taxonomy":"category","embeddable":true,"href":"http:\/\/www.demona.de\/blog\/index.php?rest_route=%2Fwp%2Fv2%2Fcategories&post=12018"},{"taxonomy":"post_tag","embeddable":true,"href":"http:\/\/www.demona.de\/blog\/index.php?rest_route=%2Fwp%2Fv2%2Ftags&post=12018"}],"curies":[{"name":"wp","href":"https:\/\/api.w.org\/{rel}","templated":true}]}}