{"id":11994,"date":"2020-07-01T10:59:39","date_gmt":"2020-07-01T10:59:39","guid":{"rendered":"http:\/\/www.demona.de\/blog\/?p=11994"},"modified":"2020-07-12T07:56:44","modified_gmt":"2020-07-12T07:56:44","slug":"fremdkoerper-nase-sofia","status":"publish","type":"post","link":"http:\/\/www.demona.de\/blog\/?p=11994","title":{"rendered":"Vorsicht Grannen!"},"content":{"rendered":"<p>Im Moment ist wieder Grannenzeit&#8230;. und ich wei\u00df aus eigener Erfahrung, wie gef\u00e4hrlich diese kleinen, mit Widerhaken versehenen Pflanzenteile sein k\u00f6nnen, wenn sie ins Fell bzw. schlie\u00dflich in d\u00fcnne Hautpartien oder gar in K\u00f6rper\u00f6ffnungen eines Hundes geraten.<\/p>\n<p>Meine erste H\u00fcndin namens Lilla begann einmal, nach einem Spaziergang immer wieder \u00fcber&#8217;s linke Auge zu reiben. Sie kniepte es zusammen und es tr\u00e4nte&#8230; aber ich konnte nichts entdecken. Ungl\u00fccklicherweise waren meine Eltern damals gerade beruflich in Italien und ich war nicht mobil. Da das Auge aber innerhalb k\u00fcrzester Zeit knallrot wurde und Lilla sich das Fell drumrum regelrecht wegrieb, packte ich sie in ein Taxi und fuhr zur n\u00e4chsten Nottier\u00e4rztin.&nbsp;<\/p>\n<p>Diagnose: gro\u00dfes Loch in der Hornhaut, da sich eine Weizengranne ins Auge geschoben hatte&#8230;..und zwar so tief, dass man sie mit blo\u00dfem Auge nicht mehr sehen konnte!<br \/>\n<img loading=\"lazy\" decoding=\"async\" class=\"alignnone size-full wp-image-418\" src=\"http:\/\/www.demona.de\/blog\/wp-content\/uploads\/2010\/10\/s030.gif\" alt=\"\" width=\"19\" height=\"25\"><br \/>\nDementsprechend panisch wurde ich, als Sofia nach einem Sprung in ein Getreidefeld zu niesen begann und dann richtig hektisch wurde. Sie kr\u00e4uselte die Nase bzw. die Schnauze auf der linken Seite, rieb immer wieder mit der Pfote dar\u00fcber und sch\u00fcttelte den Kopf.&nbsp;<\/p>\n<p>Ich habe dann erst mal versucht, in die Nase zu gucken, um zu \u00fcberpr\u00fcfen, ob ein Fremdk\u00f6rper zu entdecken (und idealerweise zu entfernen) war. Sehen konnte ich aber nichts und ich hatte auch nichts zum Sp\u00fclen dabei.&nbsp;<\/p>\n<p>Doch wir hatten Gl\u00fcck im Ungl\u00fcck: w\u00e4hrend ich noch unschl\u00fcssig dastand und \u00fcberlegte, ob wir den Spaziergang abbrechen und direkt zur Tier\u00e4rztin fahren sollten, nieste Sofia ununterbrochen mit heftigen Kopfbewegungen weiter&#8230;. und es ist ihr offenbar gelungen, den &#8222;St\u00f6rfaktor&#8220; auszusto\u00dfen, weil pl\u00f6tzlich Ruhe war&#8230;und sie wieder ganz normal&nbsp; weiterlief.<\/p>\n<p>Hapuuh! Das h\u00e4tte auch anders ausgehen k\u00f6nnen!<\/p>\n","protected":false},"excerpt":{"rendered":"<p>Im Moment ist wieder Grannenzeit&#8230;. und ich wei\u00df aus eigener Erfahrung, wie gef\u00e4hrlich diese kleinen, mit Widerhaken versehenen Pflanzenteile sein k\u00f6nnen, wenn sie ins Fell bzw. schlie\u00dflich in d\u00fcnne Hautpartien oder gar in K\u00f6rper\u00f6ffnungen eines Hundes geraten. Meine erste H\u00fcndin namens Lilla begann einmal, nach einem Spaziergang immer wieder \u00fcber&#8217;s linke Auge zu reiben. Sie [&hellip;]<\/p>\n","protected":false},"author":2,"featured_media":0,"comment_status":"open","ping_status":"closed","sticky":false,"template":"","format":"standard","meta":{"ngg_post_thumbnail":0,"footnotes":""},"categories":[5],"tags":[],"class_list":["post-11994","post","type-post","status-publish","format-standard","hentry","category-wauzis"],"_links":{"self":[{"href":"http:\/\/www.demona.de\/blog\/index.php?rest_route=\/wp\/v2\/posts\/11994","targetHints":{"allow":["GET"]}}],"collection":[{"href":"http:\/\/www.demona.de\/blog\/index.php?rest_route=\/wp\/v2\/posts"}],"about":[{"href":"http:\/\/www.demona.de\/blog\/index.php?rest_route=\/wp\/v2\/types\/post"}],"author":[{"embeddable":true,"href":"http:\/\/www.demona.de\/blog\/index.php?rest_route=\/wp\/v2\/users\/2"}],"replies":[{"embeddable":true,"href":"http:\/\/www.demona.de\/blog\/index.php?rest_route=%2Fwp%2Fv2%2Fcomments&post=11994"}],"version-history":[{"count":3,"href":"http:\/\/www.demona.de\/blog\/index.php?rest_route=\/wp\/v2\/posts\/11994\/revisions"}],"predecessor-version":[{"id":12021,"href":"http:\/\/www.demona.de\/blog\/index.php?rest_route=\/wp\/v2\/posts\/11994\/revisions\/12021"}],"wp:attachment":[{"href":"http:\/\/www.demona.de\/blog\/index.php?rest_route=%2Fwp%2Fv2%2Fmedia&parent=11994"}],"wp:term":[{"taxonomy":"category","embeddable":true,"href":"http:\/\/www.demona.de\/blog\/index.php?rest_route=%2Fwp%2Fv2%2Fcategories&post=11994"},{"taxonomy":"post_tag","embeddable":true,"href":"http:\/\/www.demona.de\/blog\/index.php?rest_route=%2Fwp%2Fv2%2Ftags&post=11994"}],"curies":[{"name":"wp","href":"https:\/\/api.w.org\/{rel}","templated":true}]}}