{"id":11821,"date":"2020-05-20T07:13:32","date_gmt":"2020-05-20T07:13:32","guid":{"rendered":"http:\/\/www.demona.de\/blog\/?p=11821"},"modified":"2020-06-10T05:13:52","modified_gmt":"2020-06-10T05:13:52","slug":"helios","status":"publish","type":"post","link":"http:\/\/www.demona.de\/blog\/?p=11821","title":{"rendered":"Ich habe gelesen&#8230;."},"content":{"rendered":"<h3>Christiane Koneczny, <em>Helios &#8211; Ein ganz besonderer Hund<\/em><\/h3>\n<p>&nbsp;<\/p>\n<p><img loading=\"lazy\" decoding=\"async\" class=\"alignnone size-full wp-image-11907\" src=\"http:\/\/www.demona.de\/blog\/wp-content\/uploads\/2020\/05\/ImageHandler-e1591466899111.jpg\" alt=\"\" width=\"322\" height=\"450\"><\/p>\n<p>Dieses B\u00fcchlein ist mir als Betreiberin der Kampfschmuser-Vermittlungshilfe mit ein paar sehr netten Zeilen von der Autorin als pers\u00f6nliches Lese-Exemplar zugeschickt worden. Vielen lieben Dank daf\u00fcr!<\/p>\n<p>Frau Koneczny schildert hier die Geschichte ihres zweiten Listenhundes, den sie aus dem Tierschutz \u00fcbernommen hat. \u00dcber Helios&#8216; Vorgeschichte kann man aufgrund seiner sozialen Defizite und Schwierigkeiten nur spekulieren, die Umst\u00e4nde seines Auffindens sprechen aber schon B\u00e4nde&#8230;.und man kann ihr wirklich hoch anrechnen, dass sie nicht aufgegeben hat und weiterhin intensiv mit ihrem Hund arbeitet. Zuhause ist er n\u00e4mlich ein absoluter Schatz ist, drau\u00dfen treibt er sie aber oftmals zur Verzweiflung und hat schon einige Hundetrainer verschlissen, von den gesundheitlichen Problemen einmal abgesehen.&nbsp; &nbsp;<\/p>\n<p>Auch wenn ich den Gedanken hinter dem B\u00fcchlein zu sch\u00e4tzen wei\u00df und begr\u00fc\u00dfe, habe ich ein paar kleine &#8222;Kritikpunkte&#8220;: Zum einen h\u00e4tte ich mir eine bessere Gliederung sowie einen Korrekturleser gew\u00fcnscht, zum anderen gefallen mir pers\u00f6nlich freigestellte Fotos auf buntem Hintergrund nicht besonders. Letzteres ist aber eine reine Geschmacksfrage. <img loading=\"lazy\" decoding=\"async\" class=\"alignnone size-full wp-image-759\" src=\"http:\/\/www.demona.de\/blog\/wp-content\/uploads\/2011\/01\/80.gif\" alt=\"\" width=\"15\" height=\"15\"><\/p>\n<p>Viel wichtiger ist, dass hier jemand Mut macht, einen Hund aus dem Tierschutz zu \u00fcbernehmen&#8230;. dass er (bzw. sie) ohne Wenn und Aber hinter seinem Hund steht&#8230; dass er seinen eigenen Weg geht, immer wieder das Gute an seinem Liebling sieht und nicht aufgibt, auch wenn so mancher schr\u00e4g zu dem vermeintlichen &#8222;Kampfhund&#8220; r\u00fcberschaut und durch unbedachtes Verhalten und fehlende R\u00fccksichtnahme Trainingsfortschritte behindert oder gar zunichte macht&nbsp;&nbsp;<\/p>\n<p>Ich bin jedenfalls gespannt, wie es mit Helios weitergeht. Denn noch steht er ziemlich weit am Anfang und seine&nbsp; Entwicklung \/ Resozialisierung ist noch lange nicht abgeschlossen. Da kann ich wirklich nur alles Gute f\u00fcr die Zukunft w\u00fcnschen!<br \/>\n<img loading=\"lazy\" decoding=\"async\" class=\"alignnone size-full wp-image-640\" src=\"http:\/\/www.demona.de\/blog\/wp-content\/uploads\/2011\/01\/a020.gif\" alt=\"\" width=\"23\" height=\"20\"><\/p>\n","protected":false},"excerpt":{"rendered":"<p>Christiane Koneczny, Helios &#8211; Ein ganz besonderer Hund &nbsp; Dieses B\u00fcchlein ist mir als Betreiberin der Kampfschmuser-Vermittlungshilfe mit ein paar sehr netten Zeilen von der Autorin als pers\u00f6nliches Lese-Exemplar zugeschickt worden. Vielen lieben Dank daf\u00fcr! Frau Koneczny schildert hier die Geschichte ihres zweiten Listenhundes, den sie aus dem Tierschutz \u00fcbernommen hat. \u00dcber Helios&#8216; Vorgeschichte kann [&hellip;]<\/p>\n","protected":false},"author":2,"featured_media":0,"comment_status":"open","ping_status":"closed","sticky":false,"template":"","format":"standard","meta":{"ngg_post_thumbnail":0,"footnotes":""},"categories":[12],"tags":[],"class_list":["post-11821","post","type-post","status-publish","format-standard","hentry","category-bucher"],"_links":{"self":[{"href":"http:\/\/www.demona.de\/blog\/index.php?rest_route=\/wp\/v2\/posts\/11821","targetHints":{"allow":["GET"]}}],"collection":[{"href":"http:\/\/www.demona.de\/blog\/index.php?rest_route=\/wp\/v2\/posts"}],"about":[{"href":"http:\/\/www.demona.de\/blog\/index.php?rest_route=\/wp\/v2\/types\/post"}],"author":[{"embeddable":true,"href":"http:\/\/www.demona.de\/blog\/index.php?rest_route=\/wp\/v2\/users\/2"}],"replies":[{"embeddable":true,"href":"http:\/\/www.demona.de\/blog\/index.php?rest_route=%2Fwp%2Fv2%2Fcomments&post=11821"}],"version-history":[{"count":8,"href":"http:\/\/www.demona.de\/blog\/index.php?rest_route=\/wp\/v2\/posts\/11821\/revisions"}],"predecessor-version":[{"id":11933,"href":"http:\/\/www.demona.de\/blog\/index.php?rest_route=\/wp\/v2\/posts\/11821\/revisions\/11933"}],"wp:attachment":[{"href":"http:\/\/www.demona.de\/blog\/index.php?rest_route=%2Fwp%2Fv2%2Fmedia&parent=11821"}],"wp:term":[{"taxonomy":"category","embeddable":true,"href":"http:\/\/www.demona.de\/blog\/index.php?rest_route=%2Fwp%2Fv2%2Fcategories&post=11821"},{"taxonomy":"post_tag","embeddable":true,"href":"http:\/\/www.demona.de\/blog\/index.php?rest_route=%2Fwp%2Fv2%2Ftags&post=11821"}],"curies":[{"name":"wp","href":"https:\/\/api.w.org\/{rel}","templated":true}]}}