{"id":11793,"date":"2020-04-10T14:04:10","date_gmt":"2020-04-10T14:04:10","guid":{"rendered":"http:\/\/www.demona.de\/blog\/?p=11793"},"modified":"2020-04-26T04:15:21","modified_gmt":"2020-04-26T04:15:21","slug":"neue-schleppleine-2","status":"publish","type":"post","link":"http:\/\/www.demona.de\/blog\/?p=11793","title":{"rendered":"Neue Schleppleine"},"content":{"rendered":"<p>Sodele&#8230;. nachdem meine tolle, von <a href=\"https:\/\/www.poellchen.com\/\" target=\"_blank\" rel=\"noopener noreferrer\">Kerstin<\/a> ma\u00dfgeschneiderte Schleppleine bei Balis Jagdausflug abhanden gekommen ist, musste nat\u00fcrlich schnellstm\u00f6glich eine neue her und Kerstin hatte gerade nicht das n\u00f6tige Material zur Hand. Also bin ich in den Fachhandel&#8230;und habe mich doch sehr gewundert.<\/p>\n<p>Im 1. Laden (kleiner privat gef\u00fchrter Shop in Siegburg) gab es normale Biothane-Schleppleinen (10 m) f\u00fcr schlappe 50 \u20ac, noch dazu mit einem wenig Vertrauen erweckenden Karabiner. Als ich mich leicht erstaunt \u00e4u\u00dferte, weil ich das als arg teuer empfand, behauptete der gute Mann, das seien normale Preise&#8230;.und bot mir dann an, die Leine umzuarbeiten und mit einen st\u00e4rkeren Karabiner anzun\u00e4hen, f\u00fcr schlappe 10 \u20ac Aufpreis. Ich habe dankend abgelehnt.<\/p>\n<p>Im 2. Laden (Zoo &amp; Co. in Sankt Augustin) gab es &#8222;baugleiche&#8220; Schleppleinen von verschiedenen Anbietern, die preislich zwischen 33 und 39 \u20ac lagen. Besser, aber halt leider mit diesem schmalen Karabiner.<\/p>\n<p>Im 3. Laden (Fressnapf in Sankt Augustin) gab es dieselben Leinen zum selben Preis.<\/p>\n<p>An sich wollte ich schon gehen und mich damit abfinden, dass Bali jetzt erst mal mit einer 5 m-Lederleine vorlieb nehmen muss, bis Kerstin mir was Neues n\u00e4hen kann&#8230;. doch da gerade eine nette Verk\u00e4uferin vorbeikam, habe ich sie einfach angequatscht und nach der Stabilit\u00e4t der Karabiner gefragt.<\/p>\n<p>Die meinte zwar, der Karabiner m\u00fcsse 30 kg halten, weil der Hund ihrer Freundin auch so viel wiege, immer wieder in die Leine krache und bislang habe er das ausgehalten&#8230; doch dann zeigte sie mir eine neue Marke: Dogs Creek Adventure&#8230;. die fertigen wohl exclusiv f\u00fcr Fressnapf.<\/p>\n<p>Biothane mit Reflektorstreifen UND stabilem Sicherheitskarabiner!<\/p>\n<p>Leider hatte sie die Schleppleine nur in 5 m da und die Kollegen im Siegburger Fressnapf hatten auch keine mehr da.<\/p>\n<p>Also bin ich auf dem Heimweg in dem Bonner Fressnapf bei mir um die Ecke rein&#8230;.und war total baff, dass die die Schleppleine vorr\u00e4tig hatten&#8230;.und zwar sogar in den von mir gew\u00fcnschten 15 m!&nbsp;<\/p>\n<p>Und was hat mich der Spa\u00df gekostet? 50 \u20ac!<\/p>\n<p>So viel zu der Aussage im ersten Shop.&nbsp; &nbsp;Egal, ich habe jetzt eine qualitativ hochwertigere Schleppleine f\u00fcr kleineres Geld bekommen. <img loading=\"lazy\" decoding=\"async\" class=\"alignnone size-full wp-image-3094\" src=\"http:\/\/www.demona.de\/blog\/wp-content\/uploads\/2012\/12\/f015.gif\" alt=\"\" width=\"15\" height=\"15\"><\/p>\n<p><img loading=\"lazy\" decoding=\"async\" class=\"alignnone size-full wp-image-11795\" src=\"http:\/\/www.demona.de\/blog\/wp-content\/uploads\/2020\/04\/38291904vr.jpg\" alt=\"\" width=\"533\" height=\"400\" srcset=\"http:\/\/www.demona.de\/blog\/wp-content\/uploads\/2020\/04\/38291904vr.jpg 533w, http:\/\/www.demona.de\/blog\/wp-content\/uploads\/2020\/04\/38291904vr-300x225.jpg 300w, http:\/\/www.demona.de\/blog\/wp-content\/uploads\/2020\/04\/38291904vr-200x150.jpg 200w\" sizes=\"auto, (max-width: 533px) 100vw, 533px\" \/><\/p>\n<p><img loading=\"lazy\" decoding=\"async\" class=\"alignnone size-full wp-image-11796\" src=\"http:\/\/www.demona.de\/blog\/wp-content\/uploads\/2020\/04\/38291905gd.jpg\" alt=\"\" width=\"533\" height=\"400\" srcset=\"http:\/\/www.demona.de\/blog\/wp-content\/uploads\/2020\/04\/38291905gd.jpg 533w, http:\/\/www.demona.de\/blog\/wp-content\/uploads\/2020\/04\/38291905gd-300x225.jpg 300w, http:\/\/www.demona.de\/blog\/wp-content\/uploads\/2020\/04\/38291905gd-200x150.jpg 200w\" sizes=\"auto, (max-width: 533px) 100vw, 533px\" \/><\/p>\n","protected":false},"excerpt":{"rendered":"<p>Sodele&#8230;. nachdem meine tolle, von Kerstin ma\u00dfgeschneiderte Schleppleine bei Balis Jagdausflug abhanden gekommen ist, musste nat\u00fcrlich schnellstm\u00f6glich eine neue her und Kerstin hatte gerade nicht das n\u00f6tige Material zur Hand. Also bin ich in den Fachhandel&#8230;und habe mich doch sehr gewundert. Im 1. Laden (kleiner privat gef\u00fchrter Shop in Siegburg) gab es normale Biothane-Schleppleinen (10 [&hellip;]<\/p>\n","protected":false},"author":2,"featured_media":0,"comment_status":"open","ping_status":"closed","sticky":false,"template":"","format":"standard","meta":{"ngg_post_thumbnail":0,"footnotes":""},"categories":[5],"tags":[],"class_list":["post-11793","post","type-post","status-publish","format-standard","hentry","category-wauzis"],"_links":{"self":[{"href":"http:\/\/www.demona.de\/blog\/index.php?rest_route=\/wp\/v2\/posts\/11793","targetHints":{"allow":["GET"]}}],"collection":[{"href":"http:\/\/www.demona.de\/blog\/index.php?rest_route=\/wp\/v2\/posts"}],"about":[{"href":"http:\/\/www.demona.de\/blog\/index.php?rest_route=\/wp\/v2\/types\/post"}],"author":[{"embeddable":true,"href":"http:\/\/www.demona.de\/blog\/index.php?rest_route=\/wp\/v2\/users\/2"}],"replies":[{"embeddable":true,"href":"http:\/\/www.demona.de\/blog\/index.php?rest_route=%2Fwp%2Fv2%2Fcomments&post=11793"}],"version-history":[{"count":2,"href":"http:\/\/www.demona.de\/blog\/index.php?rest_route=\/wp\/v2\/posts\/11793\/revisions"}],"predecessor-version":[{"id":11797,"href":"http:\/\/www.demona.de\/blog\/index.php?rest_route=\/wp\/v2\/posts\/11793\/revisions\/11797"}],"wp:attachment":[{"href":"http:\/\/www.demona.de\/blog\/index.php?rest_route=%2Fwp%2Fv2%2Fmedia&parent=11793"}],"wp:term":[{"taxonomy":"category","embeddable":true,"href":"http:\/\/www.demona.de\/blog\/index.php?rest_route=%2Fwp%2Fv2%2Fcategories&post=11793"},{"taxonomy":"post_tag","embeddable":true,"href":"http:\/\/www.demona.de\/blog\/index.php?rest_route=%2Fwp%2Fv2%2Ftags&post=11793"}],"curies":[{"name":"wp","href":"https:\/\/api.w.org\/{rel}","templated":true}]}}