{"id":11575,"date":"2020-02-28T15:22:46","date_gmt":"2020-02-28T15:22:46","guid":{"rendered":"http:\/\/www.demona.de\/blog\/?p=11575"},"modified":"2020-04-18T03:15:26","modified_gmt":"2020-04-18T03:15:26","slug":"farewell-erika-nicht-fertig","status":"publish","type":"post","link":"http:\/\/www.demona.de\/blog\/?p=11575","title":{"rendered":"Farewell, Erika!"},"content":{"rendered":"<p>Erika<br \/>\n04.11.1940 &#8211; 28.02.2020<\/p>\n<p><img loading=\"lazy\" decoding=\"async\" class=\"alignnone size-full wp-image-11738\" src=\"http:\/\/www.demona.de\/blog\/wp-content\/uploads\/2020\/02\/rip_erika.png\" alt=\"\" width=\"334\" height=\"450\" srcset=\"http:\/\/www.demona.de\/blog\/wp-content\/uploads\/2020\/02\/rip_erika.png 334w, http:\/\/www.demona.de\/blog\/wp-content\/uploads\/2020\/02\/rip_erika-223x300.png 223w, http:\/\/www.demona.de\/blog\/wp-content\/uploads\/2020\/02\/rip_erika-111x150.png 111w\" sizes=\"auto, (max-width: 334px) 100vw, 334px\" \/><\/p>\n<p>Die Nachricht von Erikas Tod hat mich ziemlich umgehauen&#8230;wir hatten uns zwar alle bei den letzten Wolfswinkeler Hundetagen gefragt, ob wir sie in diesem Jahr \u00fcberhaupt noch sehen und ihren 80. Geburtstag feiern w\u00fcrden, doch so wirklich damit gerechnet hatten wir dann doch nicht mit diesem pl\u00f6tzlichen Abschied, weil Erika so eine verdammt sture, toughe, energische Frau war, die immer noch t\u00e4glich auf der Trumler-Station schuftete und alles tat, um die vielen Tiere dort gut zu versorgen.&nbsp;<\/p>\n<p>Wir hatten immer gehofft, dass Erika eines Tages ohne Leid und Schmerz einfach umfallen w\u00fcrde. Sie hasste \u00c4rzte und Krankenh\u00e4user und es w\u00e4re ihr ein Horror gewesen, leidend und immer schw\u00e4cher werdend im Krankenhaus dahinzusiechen. Von daher &#8222;freuen&#8220; wir uns f\u00fcr Erika, dass es ganz schnell ging: Blutung ins Stammhirn, morgens ins Krankenhaus, am fr\u00fchen Nachmittag tat sie im Kreise ihrer n\u00e4chsten Angeh\u00f6rigen vor Ort ihren letzten Atemzug&#8230;.&nbsp;&nbsp;<\/p>\n<p>Ich werde Erika genau so wie auf dem Bild oben immer in Erinnerung halten: eine kleine, zierliche Frau in typischer Arbeitsmontur in einem ihrer seltenen gel\u00f6sten Momente&#8230;mit einem strahlenden L\u00e4cheln im Gesicht&#8230; mit ihrem Lieblingsdingo an ihrer Seite.<\/p>\n<p>Nun kannst du dich endlich ausruhen, Erika&#8230; und triffst deinen geliebten Eberhard wieder.&nbsp;&nbsp;<\/p>\n","protected":false},"excerpt":{"rendered":"<p>Erika 04.11.1940 &#8211; 28.02.2020 Die Nachricht von Erikas Tod hat mich ziemlich umgehauen&#8230;wir hatten uns zwar alle bei den letzten Wolfswinkeler Hundetagen gefragt, ob wir sie in diesem Jahr \u00fcberhaupt noch sehen und ihren 80. Geburtstag feiern w\u00fcrden, doch so wirklich damit gerechnet hatten wir dann doch nicht mit diesem pl\u00f6tzlichen Abschied, weil Erika so [&hellip;]<\/p>\n","protected":false},"author":2,"featured_media":0,"comment_status":"open","ping_status":"closed","sticky":false,"template":"","format":"standard","meta":{"ngg_post_thumbnail":0,"footnotes":""},"categories":[8],"tags":[],"class_list":["post-11575","post","type-post","status-publish","format-standard","hentry","category-regenbogenbrucke"],"_links":{"self":[{"href":"http:\/\/www.demona.de\/blog\/index.php?rest_route=\/wp\/v2\/posts\/11575","targetHints":{"allow":["GET"]}}],"collection":[{"href":"http:\/\/www.demona.de\/blog\/index.php?rest_route=\/wp\/v2\/posts"}],"about":[{"href":"http:\/\/www.demona.de\/blog\/index.php?rest_route=\/wp\/v2\/types\/post"}],"author":[{"embeddable":true,"href":"http:\/\/www.demona.de\/blog\/index.php?rest_route=\/wp\/v2\/users\/2"}],"replies":[{"embeddable":true,"href":"http:\/\/www.demona.de\/blog\/index.php?rest_route=%2Fwp%2Fv2%2Fcomments&post=11575"}],"version-history":[{"count":5,"href":"http:\/\/www.demona.de\/blog\/index.php?rest_route=\/wp\/v2\/posts\/11575\/revisions"}],"predecessor-version":[{"id":11740,"href":"http:\/\/www.demona.de\/blog\/index.php?rest_route=\/wp\/v2\/posts\/11575\/revisions\/11740"}],"wp:attachment":[{"href":"http:\/\/www.demona.de\/blog\/index.php?rest_route=%2Fwp%2Fv2%2Fmedia&parent=11575"}],"wp:term":[{"taxonomy":"category","embeddable":true,"href":"http:\/\/www.demona.de\/blog\/index.php?rest_route=%2Fwp%2Fv2%2Fcategories&post=11575"},{"taxonomy":"post_tag","embeddable":true,"href":"http:\/\/www.demona.de\/blog\/index.php?rest_route=%2Fwp%2Fv2%2Ftags&post=11575"}],"curies":[{"name":"wp","href":"https:\/\/api.w.org\/{rel}","templated":true}]}}