{"id":11122,"date":"2019-05-28T11:32:37","date_gmt":"2019-05-28T11:32:37","guid":{"rendered":"http:\/\/www.demona.de\/blog\/?p=11122"},"modified":"2019-06-15T09:39:13","modified_gmt":"2019-06-15T09:39:13","slug":"gesamtbaustelle","status":"publish","type":"post","link":"http:\/\/www.demona.de\/blog\/?p=11122","title":{"rendered":"Gesamtbaustelle"},"content":{"rendered":"<p>An sich wollte ich Matilda heute endlich impfen lassen, da wir sie w\u00e4hrend der L\u00e4ufigkeit nicht zus\u00e4tzlich belasten wollten.&nbsp;<\/p>\n<p>Nun &#8222;bl\u00fcht&#8220; sie aber seit ein paar Tagen wieder, da ihre Allergien (genau wie bei mir) derzeit wieder voll zuschlagen. Gl\u00fccklicherweise hatte ich noch etwas Apoquel da, das auch tats\u00e4chlich wieder wirkt und die heftigsten Symptome abgemildert hat.&nbsp;<\/p>\n<p>Wie der Zufall es will, humpelt die Kleine seit heute morgen, kurz bevor ich mit den M\u00e4dels loswollte. Keine Ahnung wieso.&nbsp;<\/p>\n<p>Wir sind dann eine kleine pro forma-Runde durch den Ennert gelaufen und in einem Rutsch zur Tier\u00e4rztin. Man musste bei der Anmeldung dann doch schmunzeln, als ich meinte, sie k\u00f6nnten sich was aussuchen: Impfung, Allergie oder Humpeln.&nbsp; <img loading=\"lazy\" decoding=\"async\" class=\"alignnone size-full wp-image-759\" src=\"http:\/\/www.demona.de\/blog\/wp-content\/uploads\/2011\/01\/80.gif\" alt=\"\" width=\"15\" height=\"15\"><\/p>\n<p>Letztendlich haben wir gar nichts gemacht. Die Impfung kann ruhig noch 2-3 Wochen warten, bis der Allergiestatus sich weiter gebessert hat, und das rechte Vorderpf\u00f6tchen bzw. eine Zehe war geschwollen, doch knirschte nichts, so dass wir auch nicht gleich r\u00f6ntgen wollten. Nun hei\u00dft es abwarten, schonen und vor allem weiter das Apoquel geben. Sie darf dann auch Pee-Wees Tabletten aufbrauchen&#8230;. eine halbe Tablette ist zwar f\u00fcr ihr Gewicht (12,9 kg *h\u00fcstel*) etwas zu viel, aber das ist nicht weiter tragisch.<\/p>\n<p>Sofia war im Ennert \u00fcbrigens extrem gestresst, obwohl wir niemandem begegnet sind und ich zumindest nichts Befremdliches h\u00f6ren oder riechen konnte. Wer weiss, was das M\u00e4del so durcheinander gebracht hat.<\/p>\n<p>Kleines Stressgesicht:<\/p>\n<p><img loading=\"lazy\" decoding=\"async\" class=\"alignnone size-full wp-image-11125\" src=\"http:\/\/www.demona.de\/blog\/wp-content\/uploads\/2019\/06\/PHOTO-2019-05-28-10-31-13-e1560591490249.jpg\" alt=\"\" width=\"600\" height=\"450\">&nbsp;&nbsp;<\/p>\n","protected":false},"excerpt":{"rendered":"<p>An sich wollte ich Matilda heute endlich impfen lassen, da wir sie w\u00e4hrend der L\u00e4ufigkeit nicht zus\u00e4tzlich belasten wollten.&nbsp; Nun &#8222;bl\u00fcht&#8220; sie aber seit ein paar Tagen wieder, da ihre Allergien (genau wie bei mir) derzeit wieder voll zuschlagen. Gl\u00fccklicherweise hatte ich noch etwas Apoquel da, das auch tats\u00e4chlich wieder wirkt und die heftigsten Symptome [&hellip;]<\/p>\n","protected":false},"author":2,"featured_media":0,"comment_status":"open","ping_status":"closed","sticky":false,"template":"","format":"standard","meta":{"ngg_post_thumbnail":0,"footnotes":""},"categories":[5],"tags":[],"class_list":["post-11122","post","type-post","status-publish","format-standard","hentry","category-wauzis"],"_links":{"self":[{"href":"http:\/\/www.demona.de\/blog\/index.php?rest_route=\/wp\/v2\/posts\/11122","targetHints":{"allow":["GET"]}}],"collection":[{"href":"http:\/\/www.demona.de\/blog\/index.php?rest_route=\/wp\/v2\/posts"}],"about":[{"href":"http:\/\/www.demona.de\/blog\/index.php?rest_route=\/wp\/v2\/types\/post"}],"author":[{"embeddable":true,"href":"http:\/\/www.demona.de\/blog\/index.php?rest_route=\/wp\/v2\/users\/2"}],"replies":[{"embeddable":true,"href":"http:\/\/www.demona.de\/blog\/index.php?rest_route=%2Fwp%2Fv2%2Fcomments&post=11122"}],"version-history":[{"count":4,"href":"http:\/\/www.demona.de\/blog\/index.php?rest_route=\/wp\/v2\/posts\/11122\/revisions"}],"predecessor-version":[{"id":11127,"href":"http:\/\/www.demona.de\/blog\/index.php?rest_route=\/wp\/v2\/posts\/11122\/revisions\/11127"}],"wp:attachment":[{"href":"http:\/\/www.demona.de\/blog\/index.php?rest_route=%2Fwp%2Fv2%2Fmedia&parent=11122"}],"wp:term":[{"taxonomy":"category","embeddable":true,"href":"http:\/\/www.demona.de\/blog\/index.php?rest_route=%2Fwp%2Fv2%2Fcategories&post=11122"},{"taxonomy":"post_tag","embeddable":true,"href":"http:\/\/www.demona.de\/blog\/index.php?rest_route=%2Fwp%2Fv2%2Ftags&post=11122"}],"curies":[{"name":"wp","href":"https:\/\/api.w.org\/{rel}","templated":true}]}}