{"id":10956,"date":"2019-03-19T18:04:15","date_gmt":"2019-03-19T18:04:15","guid":{"rendered":"http:\/\/www.demona.de\/blog\/?p=10956"},"modified":"2019-03-31T18:23:19","modified_gmt":"2019-03-31T18:23:19","slug":"kulanz-bei-zooplus","status":"publish","type":"post","link":"http:\/\/www.demona.de\/blog\/?p=10956","title":{"rendered":"Kulanz bei Zooplus"},"content":{"rendered":"<p>Wir geh\u00f6ren ja sch\u00e4ndlicherweise zu den Leuten, die den Gro\u00dfteil ihres Hundefutters nicht im Zoofachladen um die Ecke kaufen (weil die dort leider nicht das TroFu im Sortiment haben, welches wir brauchen), sondern im Internet bestellen und sich liefern lassen.&nbsp;<\/p>\n<p>Wenn ich denn bestelle, bestelle ich gerne mal irgendwelche Kleinigkeiten mit&#8230;. dieses Mal einen Mikrofaser-Trockenmantel f\u00fcr Matilda, der von der R\u00fcckenl\u00e4nge her auch perfekt passt, sich allerdings selbst in der weitesten Einstellung nicht verschlie\u00dfen l\u00e4sst, da die Kleine daf\u00fcr einen viel zu tiefen Brustkorb hat. Auch die hinteren Klettverschl\u00fcsse lassen sich&nbsp; nicht schlie\u00dfen.<\/p>\n<p>Da wir den Mantel also nicht gebrauchen k\u00f6nnen, habe ich Zooplus angemailt und vorsichtig angefragt, ob ich den Mantel retournieren darf. Darf ich nicht. <img loading=\"lazy\" decoding=\"async\" class=\"alignnone size-full wp-image-759\" src=\"http:\/\/www.demona.de\/blog\/wp-content\/uploads\/2011\/01\/80.gif\" alt=\"\" width=\"15\" height=\"15\"><\/p>\n<p>Stattdessen schrieb mir das Service-Team heute,&nbsp; dass die R\u00fccksendung des Artikels (der gerade mal knapp 7 \u20ac gekostet hatte) in diesem Fall nicht notwendig sei. Zitat: &#8222;Gerne k\u00f6nnen Sie diesen an ein bed\u00fcrftiges Tierheim oder eine \u00e4hnliche Einrichtung in Ihrer N\u00e4he verschenken.&#8220;<br \/>\nIst das nicht supernett? Ich bin jedenfalls begeistert! <img loading=\"lazy\" decoding=\"async\" class=\"alignnone size-full wp-image-640\" src=\"http:\/\/www.demona.de\/blog\/wp-content\/uploads\/2011\/01\/a020.gif\" alt=\"\" width=\"23\" height=\"20\"><\/p>\n<p>Da ich erst Ende Februar ein paar Kisten voller Spenden (viele Hundeb\u00fccher, Intelligenzspiele, aber auch andere Sachen f\u00fcr den tierheimeigenen Laden) zum Tierheim Bonn gebracht hatte, werde ich den Trockenmantel erst mal beiseite legen und warten, bis wieder ein bissel was zusammenkommt, und ihn dann hinbringen.&nbsp;<\/p>\n","protected":false},"excerpt":{"rendered":"<p>Wir geh\u00f6ren ja sch\u00e4ndlicherweise zu den Leuten, die den Gro\u00dfteil ihres Hundefutters nicht im Zoofachladen um die Ecke kaufen (weil die dort leider nicht das TroFu im Sortiment haben, welches wir brauchen), sondern im Internet bestellen und sich liefern lassen.&nbsp; Wenn ich denn bestelle, bestelle ich gerne mal irgendwelche Kleinigkeiten mit&#8230;. dieses Mal einen Mikrofaser-Trockenmantel [&hellip;]<\/p>\n","protected":false},"author":2,"featured_media":0,"comment_status":"open","ping_status":"closed","sticky":false,"template":"","format":"standard","meta":{"ngg_post_thumbnail":0,"footnotes":""},"categories":[7],"tags":[],"class_list":["post-10956","post","type-post","status-publish","format-standard","hentry","category-tierschutz"],"_links":{"self":[{"href":"http:\/\/www.demona.de\/blog\/index.php?rest_route=\/wp\/v2\/posts\/10956","targetHints":{"allow":["GET"]}}],"collection":[{"href":"http:\/\/www.demona.de\/blog\/index.php?rest_route=\/wp\/v2\/posts"}],"about":[{"href":"http:\/\/www.demona.de\/blog\/index.php?rest_route=\/wp\/v2\/types\/post"}],"author":[{"embeddable":true,"href":"http:\/\/www.demona.de\/blog\/index.php?rest_route=\/wp\/v2\/users\/2"}],"replies":[{"embeddable":true,"href":"http:\/\/www.demona.de\/blog\/index.php?rest_route=%2Fwp%2Fv2%2Fcomments&post=10956"}],"version-history":[{"count":3,"href":"http:\/\/www.demona.de\/blog\/index.php?rest_route=\/wp\/v2\/posts\/10956\/revisions"}],"predecessor-version":[{"id":10959,"href":"http:\/\/www.demona.de\/blog\/index.php?rest_route=\/wp\/v2\/posts\/10956\/revisions\/10959"}],"wp:attachment":[{"href":"http:\/\/www.demona.de\/blog\/index.php?rest_route=%2Fwp%2Fv2%2Fmedia&parent=10956"}],"wp:term":[{"taxonomy":"category","embeddable":true,"href":"http:\/\/www.demona.de\/blog\/index.php?rest_route=%2Fwp%2Fv2%2Fcategories&post=10956"},{"taxonomy":"post_tag","embeddable":true,"href":"http:\/\/www.demona.de\/blog\/index.php?rest_route=%2Fwp%2Fv2%2Ftags&post=10956"}],"curies":[{"name":"wp","href":"https:\/\/api.w.org\/{rel}","templated":true}]}}