{"id":10936,"date":"2019-03-01T07:29:39","date_gmt":"2019-03-01T07:29:39","guid":{"rendered":"http:\/\/www.demona.de\/blog\/?p=10936"},"modified":"2019-03-22T07:33:36","modified_gmt":"2019-03-22T07:33:36","slug":"freches-teilchen","status":"publish","type":"post","link":"http:\/\/www.demona.de\/blog\/?p=10936","title":{"rendered":"Freches Teilchen"},"content":{"rendered":"<p>Matilda ist gerade wie eine kleine Kanonenkugel aus dem Garten reingdonnert\u2026. hat die L\u00e4ufer in der K\u00fcche und im Arbeitszimmer schliddernd mitgenommen, ist im Hundek\u00f6rbchen neben der Couch gelandet, kurzes Innehalten, dann ist sie wie eine Irre auf die Matratzen vor dem Kaminofen gerast, auf das Kissen gehopst, hat drin rumgew\u00fchlt, dann ging es rennend zur\u00fcck ins K\u00f6rbchen (*padautz*) \u2026 und wieder auf\u2019s Kissen (*w\u00fchl*). Total verr\u00fcckt, die Kleine\u2026. das macht sie IMMER, wenn sie im Garten nasse Pf\u00f6tchen bekommen hat, weil\u2019s regnet. <img loading=\"lazy\" decoding=\"async\" class=\"alignnone size-full wp-image-759\" src=\"http:\/\/www.demona.de\/blog\/wp-content\/uploads\/2011\/01\/80.gif\" alt=\"\" width=\"15\" height=\"15\"><\/p>\n<p>A propos Regen: ich konnte heute Nacht nicht schlafen und bin um 3:00 Uhr aufgestanden, um hier rumzugruscheln. Um 4:00 kam Matilda angetrippelt\u2026. vor und zur\u00fcck\u2026. in den Garten wollte sie nicht, aber raus. Ich also als braves Frauchen Morgenmantel \u00fcbergestreift und raus in den str\u00f6menden Regen. Ich bin nur bis ein paar Meter hinter unsere Einfahrt gekommen: Matilda war an der Grundst\u00fccksgrenze stehengeblieben, hatte einen sehr kritischen Blick drauf und beschloss nach kurzer Denkpause, unverrichteter Dinge wieder heimzugehen. *grmpf*<\/p>\n<p>Doch damit nicht genug!<\/p>\n<p>Die Kleine war nun in Spiellaune&nbsp; (\u201eJag\u2019 mich\u201c\u2026. \u201eOk, und jetzt jage ich dich!\u201c). Mache ich auch gerne mitten in der Nacht mit, war ja eh wach. <img loading=\"lazy\" decoding=\"async\" class=\"alignnone size-full wp-image-759\" src=\"http:\/\/www.demona.de\/blog\/wp-content\/uploads\/2011\/01\/80.gif\" alt=\"\" width=\"15\" height=\"15\"> Als sie dann aber wieder m\u00fcde war, trippelte die kleine Nervt\u00fcte solange vor- und zur\u00fcck, bis selbst ich Depp verstanden habe, dass sie ohne Mama nicht ins Bett wollte. Ich bin dann also wieder ins Bett gekrabbelt, habe mich um Pee-Wee drapiert (der mittlerweile auf meiner Seite lag), Matilda hat sich auf den Dicken draufgelegt und hat noch ein bisschen mit mir geschmust\u2026.um dann zu G\u00f6rk r\u00fcberzukrabbeln und sich unter seine Decke zu verziehen.<\/p>\n<p>Da ich nun \u00fcberfl\u00fcssig war, durfte ich das Bett wieder verlassen, ohne dass sie protestiert h\u00e4tte.<br \/>\nFazit: Die Kleine hat mich verdammt gut im Griff! <img loading=\"lazy\" decoding=\"async\" class=\"alignnone size-full wp-image-712\" src=\"http:\/\/www.demona.de\/blog\/wp-content\/uploads\/2011\/01\/a055.gif\" alt=\"\" width=\"15\" height=\"19\"><\/p>\n","protected":false},"excerpt":{"rendered":"<p>Matilda ist gerade wie eine kleine Kanonenkugel aus dem Garten reingdonnert\u2026. hat die L\u00e4ufer in der K\u00fcche und im Arbeitszimmer schliddernd mitgenommen, ist im Hundek\u00f6rbchen neben der Couch gelandet, kurzes Innehalten, dann ist sie wie eine Irre auf die Matratzen vor dem Kaminofen gerast, auf das Kissen gehopst, hat drin rumgew\u00fchlt, dann ging es rennend [&hellip;]<\/p>\n","protected":false},"author":2,"featured_media":0,"comment_status":"open","ping_status":"closed","sticky":false,"template":"","format":"standard","meta":{"ngg_post_thumbnail":0,"footnotes":""},"categories":[5],"tags":[],"class_list":["post-10936","post","type-post","status-publish","format-standard","hentry","category-wauzis"],"_links":{"self":[{"href":"http:\/\/www.demona.de\/blog\/index.php?rest_route=\/wp\/v2\/posts\/10936","targetHints":{"allow":["GET"]}}],"collection":[{"href":"http:\/\/www.demona.de\/blog\/index.php?rest_route=\/wp\/v2\/posts"}],"about":[{"href":"http:\/\/www.demona.de\/blog\/index.php?rest_route=\/wp\/v2\/types\/post"}],"author":[{"embeddable":true,"href":"http:\/\/www.demona.de\/blog\/index.php?rest_route=\/wp\/v2\/users\/2"}],"replies":[{"embeddable":true,"href":"http:\/\/www.demona.de\/blog\/index.php?rest_route=%2Fwp%2Fv2%2Fcomments&post=10936"}],"version-history":[{"count":1,"href":"http:\/\/www.demona.de\/blog\/index.php?rest_route=\/wp\/v2\/posts\/10936\/revisions"}],"predecessor-version":[{"id":10937,"href":"http:\/\/www.demona.de\/blog\/index.php?rest_route=\/wp\/v2\/posts\/10936\/revisions\/10937"}],"wp:attachment":[{"href":"http:\/\/www.demona.de\/blog\/index.php?rest_route=%2Fwp%2Fv2%2Fmedia&parent=10936"}],"wp:term":[{"taxonomy":"category","embeddable":true,"href":"http:\/\/www.demona.de\/blog\/index.php?rest_route=%2Fwp%2Fv2%2Fcategories&post=10936"},{"taxonomy":"post_tag","embeddable":true,"href":"http:\/\/www.demona.de\/blog\/index.php?rest_route=%2Fwp%2Fv2%2Ftags&post=10936"}],"curies":[{"name":"wp","href":"https:\/\/api.w.org\/{rel}","templated":true}]}}