{"id":10923,"date":"2019-03-02T13:48:45","date_gmt":"2019-03-02T13:48:45","guid":{"rendered":"http:\/\/www.demona.de\/blog\/?p=10923"},"modified":"2019-03-19T13:55:32","modified_gmt":"2019-03-19T13:55:32","slug":"unvergessen","status":"publish","type":"post","link":"http:\/\/www.demona.de\/blog\/?p=10923","title":{"rendered":"Unvergessen&#8230;."},"content":{"rendered":"<p><img loading=\"lazy\" decoding=\"async\" class=\"alignnone size-full wp-image-10924\" src=\"http:\/\/www.demona.de\/blog\/wp-content\/uploads\/2019\/03\/DSC_0055-e1553003353831.jpg\" alt=\"\" width=\"650\" height=\"432\"><\/p>\n<p>Vor genau 10 Jahren mussten wir uns von Shila verabschieden (ca. 10\/1993 &#8211; 02.03.2009).<\/p>\n<p>Wir hatten das \u00d6mchen im Alter von 13 Jahren adoptiert und obwohl wir alle davon ausgingen, dass ihr nur ein paar Monaten verg\u00f6nnt sein w\u00fcrden, bereicherte sie unser Leben noch ganze 2 Jahre 4 Monate. Jeder Tag mit Shila war ein Segen und ein Geschenk! Wir sind so gl\u00fccklich, dass dieses niedliche alte M\u00e4dchen ihren Lebensabend in einer liebenden Familie genie\u00dfen konnte, in der sie die allerbeste Pflege erhalten hat. Und als ihr Herz schlussendlich so schwach wurde, dass wir sie gehen lassen mussten, waren wir bis zum letzten Atemzug bei ihr.<\/p>\n<p>Wir vermissen dich, kleine Tuckertante&#8230; &#x1f494;<\/p>\n","protected":false},"excerpt":{"rendered":"<p>Vor genau 10 Jahren mussten wir uns von Shila verabschieden (ca. 10\/1993 &#8211; 02.03.2009). Wir hatten das \u00d6mchen im Alter von 13 Jahren adoptiert und obwohl wir alle davon ausgingen, dass ihr nur ein paar Monaten verg\u00f6nnt sein w\u00fcrden, bereicherte sie unser Leben noch ganze 2 Jahre 4 Monate. Jeder Tag mit Shila war ein [&hellip;]<\/p>\n","protected":false},"author":2,"featured_media":0,"comment_status":"open","ping_status":"closed","sticky":false,"template":"","format":"standard","meta":{"ngg_post_thumbnail":0,"footnotes":""},"categories":[5],"tags":[],"class_list":["post-10923","post","type-post","status-publish","format-standard","hentry","category-wauzis"],"_links":{"self":[{"href":"http:\/\/www.demona.de\/blog\/index.php?rest_route=\/wp\/v2\/posts\/10923","targetHints":{"allow":["GET"]}}],"collection":[{"href":"http:\/\/www.demona.de\/blog\/index.php?rest_route=\/wp\/v2\/posts"}],"about":[{"href":"http:\/\/www.demona.de\/blog\/index.php?rest_route=\/wp\/v2\/types\/post"}],"author":[{"embeddable":true,"href":"http:\/\/www.demona.de\/blog\/index.php?rest_route=\/wp\/v2\/users\/2"}],"replies":[{"embeddable":true,"href":"http:\/\/www.demona.de\/blog\/index.php?rest_route=%2Fwp%2Fv2%2Fcomments&post=10923"}],"version-history":[{"count":1,"href":"http:\/\/www.demona.de\/blog\/index.php?rest_route=\/wp\/v2\/posts\/10923\/revisions"}],"predecessor-version":[{"id":10925,"href":"http:\/\/www.demona.de\/blog\/index.php?rest_route=\/wp\/v2\/posts\/10923\/revisions\/10925"}],"wp:attachment":[{"href":"http:\/\/www.demona.de\/blog\/index.php?rest_route=%2Fwp%2Fv2%2Fmedia&parent=10923"}],"wp:term":[{"taxonomy":"category","embeddable":true,"href":"http:\/\/www.demona.de\/blog\/index.php?rest_route=%2Fwp%2Fv2%2Fcategories&post=10923"},{"taxonomy":"post_tag","embeddable":true,"href":"http:\/\/www.demona.de\/blog\/index.php?rest_route=%2Fwp%2Fv2%2Ftags&post=10923"}],"curies":[{"name":"wp","href":"https:\/\/api.w.org\/{rel}","templated":true}]}}