{"id":10651,"date":"2018-10-05T19:33:39","date_gmt":"2018-10-05T19:33:39","guid":{"rendered":"http:\/\/www.demona.de\/blog\/?p=10651"},"modified":"2018-11-04T09:51:19","modified_gmt":"2018-11-04T09:51:19","slug":"bekloppte-radfahrerin","status":"publish","type":"post","link":"http:\/\/www.demona.de\/blog\/?p=10651","title":{"rendered":"Bekloppte Radfahrerin"},"content":{"rendered":"<p>F\u00fcr uns ist es eine Selbstverst\u00e4ndlichkeit, auf Passanten, Jogger und Radfahrer R\u00fccksicht zu nehmen, wenn wir mit den Hunden unterwegs sind. Wir lassen sie daher am Wegesrand absitzen, damit andere &#8222;unbel\u00e4stigt&#8220; an uns vorbeigehen \/ -fahren k\u00f6nnen. Selbst auf dem Siegdamm, der relativ breit ist und wo man mehr als genug Platz f\u00fcr alle hat. Und normalerweise nicken die Leute dann freundlich, gr\u00fc\u00dfen oder machen dem Trio nette Komplimente.&nbsp;<\/p>\n<p>So im Gr\u00fcppchen sehen die zwei R\u00fcbennasen und das Kleinteil n\u00e4mlich schon echt lieb aus:<\/p>\n<p><img loading=\"lazy\" decoding=\"async\" class=\"alignnone size-full wp-image-10652\" src=\"http:\/\/www.demona.de\/blog\/wp-content\/uploads\/2018\/11\/IMG_5656-e1541324366886.jpg\" alt=\"\" width=\"650\" height=\"455\"><\/p>\n<p>Nachdem ich dieses Foto gemacht hatte, kamen wir nur ein paar Meter weiter, bevor ich zwei Rennradfahrer in hoher Geschwindigkeit kommen sah. Ich rief Sofia also ein warnendes &#8222;Fahrrad&#8220; zu, woraufhin sie sich vorsorglich ein paar Meter den Damm hinunter- und von der furcheinfl\u00f6\u00dfenden Gefahr wegbewegte. Den angeleinten Pee-Wee lie\u00df ich am Wegesrand (mit dem P\u00f6ppes auf dem Gras) absitzen und die nicht-angeleinte Matilda setzte sich ganz artig direkt neben den Dicken und schaute mich an.<\/p>\n<p>Damit h\u00e4tte es eigentlich gut sein sollen. Die Radfahrer hatten jede Menge Platz, obwohl sie nebeneinander fuhren und meine Hunde konnten ihnen keinesfalls in die Quere kommen.<\/p>\n<p>Dementsprechend verdattert war ich, als die auf unserer Seite fahrende Frau mich im Vorbeirauschen mit hass-erf\u00fclltem Gesicht anbr\u00fcllte: &#8222;Halt den Hund gef\u00e4lligst fest!&#8220;<\/p>\n<p>Der \u00dcberraschung und dem Schreck (auch bei den Hunden) folgte Wut. Am liebsten h\u00e4tte ich der Frau irgendwas an den Kopf oder zwischen die R\u00e4der geworfen und sie vom Fahrrad geholt! <img loading=\"lazy\" decoding=\"async\" class=\"alignnone size-full wp-image-2695\" src=\"http:\/\/www.demona.de\/blog\/wp-content\/uploads\/2012\/08\/a060.gif\" alt=\"\" width=\"15\" height=\"15\"><\/p>\n<p>Ich kann verstehen, dass Radfahrer skeptisch und misstrauisch sind, wenn sie unterwegs Hunde sehen, falls sie mal schlechte Erfahrungen gemacht haben. Aber wie psychisch kaputt muss man sein, um einem anderen Menschen ohne tats\u00e4chlichen Anlass so viel unverhohlenen Hass entgegenzuschleudern? &nbsp; &nbsp;<\/p>\n","protected":false},"excerpt":{"rendered":"<p>F\u00fcr uns ist es eine Selbstverst\u00e4ndlichkeit, auf Passanten, Jogger und Radfahrer R\u00fccksicht zu nehmen, wenn wir mit den Hunden unterwegs sind. Wir lassen sie daher am Wegesrand absitzen, damit andere &#8222;unbel\u00e4stigt&#8220; an uns vorbeigehen \/ -fahren k\u00f6nnen. Selbst auf dem Siegdamm, der relativ breit ist und wo man mehr als genug Platz f\u00fcr alle hat. [&hellip;]<\/p>\n","protected":false},"author":2,"featured_media":0,"comment_status":"open","ping_status":"closed","sticky":false,"template":"","format":"standard","meta":{"ngg_post_thumbnail":0,"footnotes":""},"categories":[5],"tags":[],"class_list":["post-10651","post","type-post","status-publish","format-standard","hentry","category-wauzis"],"_links":{"self":[{"href":"http:\/\/www.demona.de\/blog\/index.php?rest_route=\/wp\/v2\/posts\/10651","targetHints":{"allow":["GET"]}}],"collection":[{"href":"http:\/\/www.demona.de\/blog\/index.php?rest_route=\/wp\/v2\/posts"}],"about":[{"href":"http:\/\/www.demona.de\/blog\/index.php?rest_route=\/wp\/v2\/types\/post"}],"author":[{"embeddable":true,"href":"http:\/\/www.demona.de\/blog\/index.php?rest_route=\/wp\/v2\/users\/2"}],"replies":[{"embeddable":true,"href":"http:\/\/www.demona.de\/blog\/index.php?rest_route=%2Fwp%2Fv2%2Fcomments&post=10651"}],"version-history":[{"count":3,"href":"http:\/\/www.demona.de\/blog\/index.php?rest_route=\/wp\/v2\/posts\/10651\/revisions"}],"predecessor-version":[{"id":10655,"href":"http:\/\/www.demona.de\/blog\/index.php?rest_route=\/wp\/v2\/posts\/10651\/revisions\/10655"}],"wp:attachment":[{"href":"http:\/\/www.demona.de\/blog\/index.php?rest_route=%2Fwp%2Fv2%2Fmedia&parent=10651"}],"wp:term":[{"taxonomy":"category","embeddable":true,"href":"http:\/\/www.demona.de\/blog\/index.php?rest_route=%2Fwp%2Fv2%2Fcategories&post=10651"},{"taxonomy":"post_tag","embeddable":true,"href":"http:\/\/www.demona.de\/blog\/index.php?rest_route=%2Fwp%2Fv2%2Ftags&post=10651"}],"curies":[{"name":"wp","href":"https:\/\/api.w.org\/{rel}","templated":true}]}}