{"id":10620,"date":"2018-09-14T23:51:16","date_gmt":"2018-09-14T23:51:16","guid":{"rendered":"http:\/\/www.demona.de\/blog\/?p=10620"},"modified":"2018-10-23T04:03:26","modified_gmt":"2018-10-23T04:03:26","slug":"goodbye-kroete","status":"publish","type":"post","link":"http:\/\/www.demona.de\/blog\/?p=10620","title":{"rendered":"Goodbye, Kr\u00f6te!"},"content":{"rendered":"<p><strong>Kr\u00f6te<\/strong><br \/>\n2007- 14.09.2018<\/p>\n<p><img loading=\"lazy\" decoding=\"async\" class=\"alignnone size-full wp-image-10621\" src=\"http:\/\/www.demona.de\/blog\/wp-content\/uploads\/2018\/10\/rip_kroete.png\" alt=\"\" width=\"650\" height=\"501\" srcset=\"http:\/\/www.demona.de\/blog\/wp-content\/uploads\/2018\/10\/rip_kroete.png 650w, http:\/\/www.demona.de\/blog\/wp-content\/uploads\/2018\/10\/rip_kroete-300x231.png 300w, http:\/\/www.demona.de\/blog\/wp-content\/uploads\/2018\/10\/rip_kroete-195x150.png 195w\" sizes=\"auto, (max-width: 650px) 100vw, 650px\" \/><\/p>\n<p>Das Kr\u00f6tchen hatte einen besch*** Start ins Leben, hatte dann aber das gro\u00dfe Gl\u00fcck, vor neun Jahren zu Menschen zu kommen, die sie trotz all ihrer Baustellen so geliebt haben wie sie war. Hier ist sie aufgebl\u00fcht und hat das Leben, trotz vieler Handicaps und R\u00fcckschl\u00e4ge, genossen.&nbsp;<\/p>\n<p>Diese kleine Tierchen war ein Ph\u00e4nomen: sie hat sich von nichts und niemandem unterkriegen lassen und hat eine unglaubliche Lebensfreude und gute Laune verbreitet, die einfach ansteckend war. Doch die letzten Monate wurden zunehmend schwieriger, die Beeintr\u00e4chtigungen immer mehr, die Kr\u00e4fte lie\u00dfen nach. Und nun ist die Sonne endg\u00fcltig f\u00fcr Kr\u00f6te untergegangen&#8230;.&nbsp;<\/p>\n<p>Es zerreisst mir das Herz.&nbsp;<\/p>\n","protected":false},"excerpt":{"rendered":"<p>Kr\u00f6te 2007- 14.09.2018 Das Kr\u00f6tchen hatte einen besch*** Start ins Leben, hatte dann aber das gro\u00dfe Gl\u00fcck, vor neun Jahren zu Menschen zu kommen, die sie trotz all ihrer Baustellen so geliebt haben wie sie war. Hier ist sie aufgebl\u00fcht und hat das Leben, trotz vieler Handicaps und R\u00fcckschl\u00e4ge, genossen.&nbsp; Diese kleine Tierchen war ein [&hellip;]<\/p>\n","protected":false},"author":2,"featured_media":0,"comment_status":"open","ping_status":"closed","sticky":false,"template":"","format":"standard","meta":{"ngg_post_thumbnail":0,"footnotes":""},"categories":[8],"tags":[],"class_list":["post-10620","post","type-post","status-publish","format-standard","hentry","category-regenbogenbrucke"],"_links":{"self":[{"href":"http:\/\/www.demona.de\/blog\/index.php?rest_route=\/wp\/v2\/posts\/10620","targetHints":{"allow":["GET"]}}],"collection":[{"href":"http:\/\/www.demona.de\/blog\/index.php?rest_route=\/wp\/v2\/posts"}],"about":[{"href":"http:\/\/www.demona.de\/blog\/index.php?rest_route=\/wp\/v2\/types\/post"}],"author":[{"embeddable":true,"href":"http:\/\/www.demona.de\/blog\/index.php?rest_route=\/wp\/v2\/users\/2"}],"replies":[{"embeddable":true,"href":"http:\/\/www.demona.de\/blog\/index.php?rest_route=%2Fwp%2Fv2%2Fcomments&post=10620"}],"version-history":[{"count":1,"href":"http:\/\/www.demona.de\/blog\/index.php?rest_route=\/wp\/v2\/posts\/10620\/revisions"}],"predecessor-version":[{"id":10622,"href":"http:\/\/www.demona.de\/blog\/index.php?rest_route=\/wp\/v2\/posts\/10620\/revisions\/10622"}],"wp:attachment":[{"href":"http:\/\/www.demona.de\/blog\/index.php?rest_route=%2Fwp%2Fv2%2Fmedia&parent=10620"}],"wp:term":[{"taxonomy":"category","embeddable":true,"href":"http:\/\/www.demona.de\/blog\/index.php?rest_route=%2Fwp%2Fv2%2Fcategories&post=10620"},{"taxonomy":"post_tag","embeddable":true,"href":"http:\/\/www.demona.de\/blog\/index.php?rest_route=%2Fwp%2Fv2%2Ftags&post=10620"}],"curies":[{"name":"wp","href":"https:\/\/api.w.org\/{rel}","templated":true}]}}