{"id":10562,"date":"2018-07-18T11:55:12","date_gmt":"2018-07-18T11:55:12","guid":{"rendered":"http:\/\/www.demona.de\/blog\/?p=10562"},"modified":"2018-09-16T12:00:05","modified_gmt":"2018-09-16T12:00:05","slug":"ende-des-ohrendramas","status":"publish","type":"post","link":"http:\/\/www.demona.de\/blog\/?p=10562","title":{"rendered":"Ende des Ohrendramas"},"content":{"rendered":"<p>Wir haben die chronische Ohrenentz\u00fcndung von Pee-Wee tats\u00e4chlich in den Griff bekommen&#8230; mit dem Apoquel. Damit ist &#8222;bewiesen&#8220;, dass diese elende Geschichte tats\u00e4chlich eine allergische Komponente hatte.<\/p>\n<p>Wir freuen uns riesig, auch wenn das nat\u00fcrlich bedeutet, dass er uns &#8211; zusammen mit den Schmerzmitteln &#8211; t\u00e4glich \u00fcber 2 \u20ac nur an Medis kostet.<\/p>\n<p>Leider h\u00f6rt man immer wieder, dass einigen Hundehaltern die Kosten f\u00fcr dieses Medikament zu hoch sind und sie dann lieber in Kauf nehmen, dass ihr Vierbeiner sich st\u00e4ndig juckt und kratzt. F\u00fcr mich als Nerodermitikerin eine absolute Horrorvorstellung!<\/p>\n","protected":false},"excerpt":{"rendered":"<p>Wir haben die chronische Ohrenentz\u00fcndung von Pee-Wee tats\u00e4chlich in den Griff bekommen&#8230; mit dem Apoquel. Damit ist &#8222;bewiesen&#8220;, dass diese elende Geschichte tats\u00e4chlich eine allergische Komponente hatte. Wir freuen uns riesig, auch wenn das nat\u00fcrlich bedeutet, dass er uns &#8211; zusammen mit den Schmerzmitteln &#8211; t\u00e4glich \u00fcber 2 \u20ac nur an Medis kostet. Leider h\u00f6rt [&hellip;]<\/p>\n","protected":false},"author":2,"featured_media":0,"comment_status":"open","ping_status":"closed","sticky":false,"template":"","format":"standard","meta":{"ngg_post_thumbnail":0,"footnotes":""},"categories":[5],"tags":[],"class_list":["post-10562","post","type-post","status-publish","format-standard","hentry","category-wauzis"],"_links":{"self":[{"href":"http:\/\/www.demona.de\/blog\/index.php?rest_route=\/wp\/v2\/posts\/10562","targetHints":{"allow":["GET"]}}],"collection":[{"href":"http:\/\/www.demona.de\/blog\/index.php?rest_route=\/wp\/v2\/posts"}],"about":[{"href":"http:\/\/www.demona.de\/blog\/index.php?rest_route=\/wp\/v2\/types\/post"}],"author":[{"embeddable":true,"href":"http:\/\/www.demona.de\/blog\/index.php?rest_route=\/wp\/v2\/users\/2"}],"replies":[{"embeddable":true,"href":"http:\/\/www.demona.de\/blog\/index.php?rest_route=%2Fwp%2Fv2%2Fcomments&post=10562"}],"version-history":[{"count":1,"href":"http:\/\/www.demona.de\/blog\/index.php?rest_route=\/wp\/v2\/posts\/10562\/revisions"}],"predecessor-version":[{"id":10563,"href":"http:\/\/www.demona.de\/blog\/index.php?rest_route=\/wp\/v2\/posts\/10562\/revisions\/10563"}],"wp:attachment":[{"href":"http:\/\/www.demona.de\/blog\/index.php?rest_route=%2Fwp%2Fv2%2Fmedia&parent=10562"}],"wp:term":[{"taxonomy":"category","embeddable":true,"href":"http:\/\/www.demona.de\/blog\/index.php?rest_route=%2Fwp%2Fv2%2Fcategories&post=10562"},{"taxonomy":"post_tag","embeddable":true,"href":"http:\/\/www.demona.de\/blog\/index.php?rest_route=%2Fwp%2Fv2%2Ftags&post=10562"}],"curies":[{"name":"wp","href":"https:\/\/api.w.org\/{rel}","templated":true}]}}