{"id":10448,"date":"2018-06-17T18:02:10","date_gmt":"2018-06-17T18:02:10","guid":{"rendered":"http:\/\/www.demona.de\/blog\/?p=10448"},"modified":"2018-08-17T12:13:48","modified_gmt":"2018-08-17T12:13:48","slug":"mantrailing-in-koeln","status":"publish","type":"post","link":"http:\/\/www.demona.de\/blog\/?p=10448","title":{"rendered":"Mantrailing in K\u00f6ln"},"content":{"rendered":"<p>Matilda und ich durften uns heute wieder Claudias kleiner, aber feiner Mantrail-Gruppe in K\u00f6ln anschlie\u00dfen, die fast nur aus Angsthunden besteht und daher nicht &#8211; wie so manch andere Gruppe aus dem n\u00e4heren Umfeld &#8211; von sportlichem Ehrgeiz und Konkurrenzdenken zerfressen ist, sondern mit ganz viel Geduld, Motivation und Fingerspitzengef\u00fchl auf die einzelnen Teams eingeht.<\/p>\n<p>Die kleine Rampensau von Matilda passt da also eigentlich nicht rein.\u00a0<img loading=\"lazy\" decoding=\"async\" class=\"alignnone size-full wp-image-1114\" src=\"http:\/\/www.demona.de\/blog\/wp-content\/uploads\/2011\/05\/kicher.gif\" alt=\"\" width=\"15\" height=\"15\" \/><\/p>\n<p>Getroffen haben wir uns am Decksteiner Weiher, in umittelbarer N\u00e4he des &#8222;Haus am See&#8220;, der sonntags bei sch\u00f6nstem Wetter nat\u00fcrlich ziemlich gut besucht ist. Um das Restaurant rum sind dann also auch nur die Hunde rum, die das &#8222;aushalten&#8220; konnten bzw. damit kein Problem haben.<\/p>\n<p>Das Tildchen war voller Begeisterung dabei, \u00a0k\u00fcmmerte sich (im Gegensatz zu mir und Claudia) nicht um den bl\u00f6den Spruch eins Neunmalklugen von wegen &#8222;Kampfhund&#8220; , wuselte um Spazierg\u00e4nger, Fahrradfahrer und andere Hunde rum, um schlie\u00dflich sogar nur einen Seitenblick auf zwei Schw\u00e4ne zu werfen, die nur wenige Meter neben ihr am Ufer des Sees standen&#8230; und de sie im Normalfall nur zu gerne getrietzt h\u00e4tte!<\/p>\n<p>Meine ruhiges und langgezogenes &#8222;Arbeiten&#8220; reichte aber vollkommen, um die wilde Wutz im Zaum zu halten und so ging es im schnellen Trab weiter, bis sie die VP auf einer Parkbank am Wegesrand entdeckte. Das hat das M\u00e4uschen ganz toll gemacht!<br \/>\n<img loading=\"lazy\" decoding=\"async\" class=\"alignnone size-full wp-image-640\" src=\"http:\/\/www.demona.de\/blog\/wp-content\/uploads\/2011\/01\/a020.gif\" alt=\"\" width=\"23\" height=\"20\" \/><\/p>\n","protected":false},"excerpt":{"rendered":"<p>Matilda und ich durften uns heute wieder Claudias kleiner, aber feiner Mantrail-Gruppe in K\u00f6ln anschlie\u00dfen, die fast nur aus Angsthunden besteht und daher nicht &#8211; wie so manch andere Gruppe aus dem n\u00e4heren Umfeld &#8211; von sportlichem Ehrgeiz und Konkurrenzdenken zerfressen ist, sondern mit ganz viel Geduld, Motivation und Fingerspitzengef\u00fchl auf die einzelnen Teams eingeht. [&hellip;]<\/p>\n","protected":false},"author":2,"featured_media":0,"comment_status":"open","ping_status":"closed","sticky":false,"template":"","format":"standard","meta":{"ngg_post_thumbnail":0,"footnotes":""},"categories":[4],"tags":[],"class_list":["post-10448","post","type-post","status-publish","format-standard","hentry","category-mantrailing"],"_links":{"self":[{"href":"http:\/\/www.demona.de\/blog\/index.php?rest_route=\/wp\/v2\/posts\/10448","targetHints":{"allow":["GET"]}}],"collection":[{"href":"http:\/\/www.demona.de\/blog\/index.php?rest_route=\/wp\/v2\/posts"}],"about":[{"href":"http:\/\/www.demona.de\/blog\/index.php?rest_route=\/wp\/v2\/types\/post"}],"author":[{"embeddable":true,"href":"http:\/\/www.demona.de\/blog\/index.php?rest_route=\/wp\/v2\/users\/2"}],"replies":[{"embeddable":true,"href":"http:\/\/www.demona.de\/blog\/index.php?rest_route=%2Fwp%2Fv2%2Fcomments&post=10448"}],"version-history":[{"count":2,"href":"http:\/\/www.demona.de\/blog\/index.php?rest_route=\/wp\/v2\/posts\/10448\/revisions"}],"predecessor-version":[{"id":10450,"href":"http:\/\/www.demona.de\/blog\/index.php?rest_route=\/wp\/v2\/posts\/10448\/revisions\/10450"}],"wp:attachment":[{"href":"http:\/\/www.demona.de\/blog\/index.php?rest_route=%2Fwp%2Fv2%2Fmedia&parent=10448"}],"wp:term":[{"taxonomy":"category","embeddable":true,"href":"http:\/\/www.demona.de\/blog\/index.php?rest_route=%2Fwp%2Fv2%2Fcategories&post=10448"},{"taxonomy":"post_tag","embeddable":true,"href":"http:\/\/www.demona.de\/blog\/index.php?rest_route=%2Fwp%2Fv2%2Ftags&post=10448"}],"curies":[{"name":"wp","href":"https:\/\/api.w.org\/{rel}","templated":true}]}}