{"id":10440,"date":"2018-06-12T18:38:06","date_gmt":"2018-06-12T18:38:06","guid":{"rendered":"http:\/\/www.demona.de\/blog\/?p=10440"},"modified":"2018-08-14T03:58:27","modified_gmt":"2018-08-14T03:58:27","slug":"freilauf-mit-maulkorb","status":"publish","type":"post","link":"http:\/\/www.demona.de\/blog\/?p=10440","title":{"rendered":"Freilauf mit Maulkorb"},"content":{"rendered":"<p>Um es mit einem Satz zu sagen: Pee-Wee ist doof!\u00a0<img loading=\"lazy\" decoding=\"async\" class=\"alignnone size-full wp-image-1114\" src=\"http:\/\/www.demona.de\/blog\/wp-content\/uploads\/2011\/05\/kicher.gif\" alt=\"\" width=\"15\" height=\"15\" \/><\/p>\n<p>In der Hundeschule hat er die anderen R\u00fcden immer gut im Blick und mittlerweile hat er sich arg auf einen intakten Goldie eingeschossen. Das ist sehr anstrengend.<\/p>\n<p>Dann das erste mal Freilaufm\u00f6glichkeit mit anderen Hunden: daf\u00fcr wurden alle anderen R\u00fcden vom Gel\u00e4nde geschickt. Und was macht der Pivelino? Ignoriert die ganzen H\u00fcndinnen und checkt in hoher Erregungslage, ob er irgendwo \u00fcber den Zaun kommt, um die R\u00fcden zu verfolgen!<\/p>\n<p>Mein Abruf wurde komplett ignoriert. Erst beim zweiten Rufen kam er endlich zu mir, um dann gleich wieder zum Zaun zu rennen, um den erneut auf seine \u00dcberwindbarkeit zu \u00fcberpr\u00fcfen. Dabei ist er \u00fcber die zarte Podenca gestolpert, die gerade in einer Ecke nach M\u00e4usen suchte&#8230;. und not amused war. Sie hat ihm\u00a0<strong>ordentlich<\/strong> die Meinung gegeigt, was er aber &#8211; Erleichterung pur &#8211; brav eingesackt hat.<br \/>\n<img loading=\"lazy\" decoding=\"async\" class=\"alignnone size-full wp-image-640\" src=\"http:\/\/www.demona.de\/blog\/wp-content\/uploads\/2011\/01\/a020.gif\" alt=\"\" width=\"23\" height=\"20\" \/><br \/>\nDanach war er ruhig und freundlich und hat sich sofort abrufen lassen , als die Labbi-Chaotin \u00fcber den Mini-Terrier gewalzt ist und ihr so weh getan hat, dass die Kleine aufschrie, was ihn nat\u00fcrlich gleich auf den Plan gerufen hatte.<\/p>\n<p>Ich war total gestresst, aber Katrin hat mich ganz lieb runtergeholt.<\/p>\n<p>Mannomann: Der Bub ist echt eine Aufgabe! Wie easy das Simbelchen dagegen war&#8230;.<\/p>\n","protected":false},"excerpt":{"rendered":"<p>Um es mit einem Satz zu sagen: Pee-Wee ist doof!\u00a0 In der Hundeschule hat er die anderen R\u00fcden immer gut im Blick und mittlerweile hat er sich arg auf einen intakten Goldie eingeschossen. Das ist sehr anstrengend. Dann das erste mal Freilaufm\u00f6glichkeit mit anderen Hunden: daf\u00fcr wurden alle anderen R\u00fcden vom Gel\u00e4nde geschickt. Und was [&hellip;]<\/p>\n","protected":false},"author":2,"featured_media":0,"comment_status":"open","ping_status":"closed","sticky":false,"template":"","format":"standard","meta":{"ngg_post_thumbnail":0,"footnotes":""},"categories":[5],"tags":[],"class_list":["post-10440","post","type-post","status-publish","format-standard","hentry","category-wauzis"],"_links":{"self":[{"href":"http:\/\/www.demona.de\/blog\/index.php?rest_route=\/wp\/v2\/posts\/10440","targetHints":{"allow":["GET"]}}],"collection":[{"href":"http:\/\/www.demona.de\/blog\/index.php?rest_route=\/wp\/v2\/posts"}],"about":[{"href":"http:\/\/www.demona.de\/blog\/index.php?rest_route=\/wp\/v2\/types\/post"}],"author":[{"embeddable":true,"href":"http:\/\/www.demona.de\/blog\/index.php?rest_route=\/wp\/v2\/users\/2"}],"replies":[{"embeddable":true,"href":"http:\/\/www.demona.de\/blog\/index.php?rest_route=%2Fwp%2Fv2%2Fcomments&post=10440"}],"version-history":[{"count":2,"href":"http:\/\/www.demona.de\/blog\/index.php?rest_route=\/wp\/v2\/posts\/10440\/revisions"}],"predecessor-version":[{"id":10442,"href":"http:\/\/www.demona.de\/blog\/index.php?rest_route=\/wp\/v2\/posts\/10440\/revisions\/10442"}],"wp:attachment":[{"href":"http:\/\/www.demona.de\/blog\/index.php?rest_route=%2Fwp%2Fv2%2Fmedia&parent=10440"}],"wp:term":[{"taxonomy":"category","embeddable":true,"href":"http:\/\/www.demona.de\/blog\/index.php?rest_route=%2Fwp%2Fv2%2Fcategories&post=10440"},{"taxonomy":"post_tag","embeddable":true,"href":"http:\/\/www.demona.de\/blog\/index.php?rest_route=%2Fwp%2Fv2%2Ftags&post=10440"}],"curies":[{"name":"wp","href":"https:\/\/api.w.org\/{rel}","templated":true}]}}