{"id":10432,"date":"2018-06-05T22:34:19","date_gmt":"2018-06-05T22:34:19","guid":{"rendered":"http:\/\/www.demona.de\/blog\/?p=10432"},"modified":"2018-08-13T20:10:06","modified_gmt":"2018-08-13T20:10:06","slug":"schutztrieb","status":"publish","type":"post","link":"http:\/\/www.demona.de\/blog\/?p=10432","title":{"rendered":"Schutztrieb&#8230;."},"content":{"rendered":"<p>oder was?<\/p>\n<p>Gestern abend ging es hier richtig rund: nachdem der ansonsten sehr stille und unauff\u00e4llige Untermieter unseres direkten Nachbars seine K\u00fcndigung erhalten hat, ist er total ausgeflippt, hat den Vermieter (einen alten, kranken Mann) bedroht und in seiner Wohnung so um sich geschlagen und getreten, dass ich das Gepolter deutlich h\u00f6ren konnte.<\/p>\n<p>Auf den zittrigen Anruf meines Nachbarn hin konnte ich ihm nur raten, seinen Wohnbereich abzuschlie\u00dfen, die F\u00fc\u00dfe still zu halten, um den Mann nicht weiter zu reizen, und die Polizei zu rufen, sollte er wieder nach unten poltern und ihn erneut bedrohen.<\/p>\n<p>Tats\u00e4chlich kam dann auch ca. eine halbe Stunde sp\u00e4ter die Polizei angefahren, als ich gerade mit Pee-Wee eine kleine Runde um den Block drehte. Bei meiner R\u00fcckkehr standen die beiden Beamten mit dem Untermieter im Vorgarten und diskutierten lautstark.<\/p>\n<p>Just in dem Moment, als ich auf meiner Einfahrt im Abstand weniger Meter an der Gruppe vorbeigehen wollte, gab es ein kleines Handgemenge, weil sich der Untermieter auf seinen Vermieter st\u00fcrzen wollte, der in der Haust\u00fcr stand. Und Pee-We? Der machte doch glatt einen Satz in die Richtung!<br \/>\n<img loading=\"lazy\" decoding=\"async\" class=\"alignnone size-full wp-image-418\" src=\"http:\/\/www.demona.de\/blog\/wp-content\/uploads\/2010\/10\/s030.gif\" alt=\"\" width=\"19\" height=\"25\" \/><br \/>\nAn sich ist der Dicke ja absolut menschenfreundlich, geht offen auf jeden zu, l\u00e4sst sich selbst von Fremden sofort knuddeln und freut sich \u00fcber jeden Besuch&#8230; allerdings war er ziemlich angespannt, als wir um die Ecke bogen und er die lautstark diskutierende Gruppe im Halbdunkel erblickte. Ich sch\u00e4tze, da kann er den Cane Corso einfach nicht verleugnen. Er hat eine Bedrohung erkannt und reagiert.<\/p>\n<p>Gl\u00fccklicherweise hatte ich ihn so dicht bei mir, dass ich ihn locker halten konnte&#8230;. und die Polizisten waren gerade mit Wichtigerem besch\u00e4ftigt.\u00a0<img loading=\"lazy\" decoding=\"async\" class=\"alignnone size-full wp-image-759\" src=\"http:\/\/www.demona.de\/blog\/wp-content\/uploads\/2011\/01\/80.gif\" alt=\"\" width=\"15\" height=\"15\" \/><\/p>\n<p>Btw: Die Diskussion ging noch \u00fcber eine Stunde. Der Untermieter wurde extrem ausfallend und beleidigend, insbesondere den Beamten gegen\u00fcber, die langsam aber sicher die Geduld und jedes Entgegenkommen verloren. Letztendlich wurde Verst\u00e4rkung gerufen und der Mann mit Handschellen abgef\u00fchrt. Krass!<\/p>\n<p>Nie und nimmer h\u00e4tte ich mit so was gerechnet. Aber zumindest bin ich mir jetzt ziemlich sicher, dass Pee-Wee uns mit gro\u00dfer Wahrscheinlichkeit besch\u00fctzen w\u00fcrde, sollte uns mal jemand bedrohen.<\/p>\n","protected":false},"excerpt":{"rendered":"<p>oder was? Gestern abend ging es hier richtig rund: nachdem der ansonsten sehr stille und unauff\u00e4llige Untermieter unseres direkten Nachbars seine K\u00fcndigung erhalten hat, ist er total ausgeflippt, hat den Vermieter (einen alten, kranken Mann) bedroht und in seiner Wohnung so um sich geschlagen und getreten, dass ich das Gepolter deutlich h\u00f6ren konnte. Auf den [&hellip;]<\/p>\n","protected":false},"author":2,"featured_media":0,"comment_status":"open","ping_status":"closed","sticky":false,"template":"","format":"standard","meta":{"ngg_post_thumbnail":0,"footnotes":""},"categories":[5],"tags":[],"class_list":["post-10432","post","type-post","status-publish","format-standard","hentry","category-wauzis"],"_links":{"self":[{"href":"http:\/\/www.demona.de\/blog\/index.php?rest_route=\/wp\/v2\/posts\/10432","targetHints":{"allow":["GET"]}}],"collection":[{"href":"http:\/\/www.demona.de\/blog\/index.php?rest_route=\/wp\/v2\/posts"}],"about":[{"href":"http:\/\/www.demona.de\/blog\/index.php?rest_route=\/wp\/v2\/types\/post"}],"author":[{"embeddable":true,"href":"http:\/\/www.demona.de\/blog\/index.php?rest_route=\/wp\/v2\/users\/2"}],"replies":[{"embeddable":true,"href":"http:\/\/www.demona.de\/blog\/index.php?rest_route=%2Fwp%2Fv2%2Fcomments&post=10432"}],"version-history":[{"count":2,"href":"http:\/\/www.demona.de\/blog\/index.php?rest_route=\/wp\/v2\/posts\/10432\/revisions"}],"predecessor-version":[{"id":10438,"href":"http:\/\/www.demona.de\/blog\/index.php?rest_route=\/wp\/v2\/posts\/10432\/revisions\/10438"}],"wp:attachment":[{"href":"http:\/\/www.demona.de\/blog\/index.php?rest_route=%2Fwp%2Fv2%2Fmedia&parent=10432"}],"wp:term":[{"taxonomy":"category","embeddable":true,"href":"http:\/\/www.demona.de\/blog\/index.php?rest_route=%2Fwp%2Fv2%2Fcategories&post=10432"},{"taxonomy":"post_tag","embeddable":true,"href":"http:\/\/www.demona.de\/blog\/index.php?rest_route=%2Fwp%2Fv2%2Ftags&post=10432"}],"curies":[{"name":"wp","href":"https:\/\/api.w.org\/{rel}","templated":true}]}}