{"id":10427,"date":"2018-06-03T11:19:07","date_gmt":"2018-06-03T11:19:07","guid":{"rendered":"http:\/\/www.demona.de\/blog\/?p=10427"},"modified":"2018-08-14T03:37:55","modified_gmt":"2018-08-14T03:37:55","slug":"impfung-und-malassezien","status":"publish","type":"post","link":"http:\/\/www.demona.de\/blog\/?p=10427","title":{"rendered":"Impfung und Malassezien"},"content":{"rendered":"<p>Die gestrige Impfung hat Matilda relativ gut weggesteckt: sie war den Rest des Tages nur sehr ruhig und matt, hatte leicht erh\u00f6hte Temperatur&#8230; aber wenigstens hatte sie keine Schmerzen und keinen Sch\u00fcttelfrost, wie es uns die ersten Male passiert ist.<\/p>\n<p>Pee-Wee war \u00fcbrigens auch mit in der Praxis: seine Ohren sind mal wieder regelrecht &#8222;explodiert&#8220;.\u00a0<img loading=\"lazy\" decoding=\"async\" class=\"alignnone size-full wp-image-786\" src=\"http:\/\/www.demona.de\/blog\/wp-content\/uploads\/2011\/02\/d015.gif\" alt=\"\" width=\"15\" height=\"17\" \/><\/p>\n<p>Die Ohrenentz\u00fcndung durch einen massiven Hefepilzbefall tritt leider immer wieder auf, da durch die Wucherungen im Ohr das Milieu f\u00fcr die Vermehrung der Malassezien ideal ist. Und immer wenn ich (unter Schwierigkeiten) die Ohren reinige, f\u00fchrt das leider dazu, dass Pee-Wee anf\u00e4ngt, sich hektisch zu sch\u00fctteln, zu kratzen und zu schubbern, was das Ganze nur verschlimmert.<\/p>\n<p>\u00c4hnliches haben wir ja auch schon mit unserer kleinen Allergikerin Matilda durchgemacht. Bei ihr konnten wir den Kreislauf erst durchbrechen, nachdem wir damit begonnen hatten, ihr Apoquel zu geben &#8211; ein Mittel, das aktiv in das Immunsystem eingreift und eine Vielzahl von Zytokinen hemmt, die entz\u00fcndungsf\u00f6rdernd sind oder eine Rolle bei allergischen Reaktionen und dem damit verbundenen Juckreiz spielen.<\/p>\n<p>So langsam beschlich mich also die vage Ahnung, dass vielleicht auch bei unserem dicken Pee-Wee eine allergische Komponente mit hineinspielt. Dementsprechend erleichtert war ich, dass unsere Tier\u00e4rztin genau dasselbe vermutet und mir daher vorgeschlagen hat, es auch bei ihm mit dem Apoquel zu versuchen.<\/p>\n<p>Nachdem sein schlimmes Ohr wieder von der Vet &#8222;tiefengereinigt&#8220; worden ist, bekommt er ab n\u00e4chster Woche erst einmal Cortison-Tropfen (Recicort), die ich 1x t\u00e4glich auf die Ohrmuschel geben soll, um diese dann leicht zu massieren. \u00a0Ich soll keinesfalls irgendwas <em>direkt<\/em> ins Ohr einbringen und es ansonsten komplett in Ruhe lassen&#8230;.. was Pee-Wee und mir sehr recht ist. <img loading=\"lazy\" decoding=\"async\" class=\"alignnone size-full wp-image-759\" src=\"http:\/\/www.demona.de\/blog\/wp-content\/uploads\/2011\/01\/80.gif\" alt=\"\" width=\"15\" height=\"15\" \/><\/p>\n<p>Die Tropfen werden dann langsam immer weiter reduziert. Sobald wir bei einer 1x-w\u00f6chentlichen Gabe angelangt sind, soll ich sie ganz absetzen&#8230; in der Hoffnung, dass die Tabletten alleine ausreichen.<\/p>\n<p>Wir sind gespannt!<\/p>\n","protected":false},"excerpt":{"rendered":"<p>Die gestrige Impfung hat Matilda relativ gut weggesteckt: sie war den Rest des Tages nur sehr ruhig und matt, hatte leicht erh\u00f6hte Temperatur&#8230; aber wenigstens hatte sie keine Schmerzen und keinen Sch\u00fcttelfrost, wie es uns die ersten Male passiert ist. Pee-Wee war \u00fcbrigens auch mit in der Praxis: seine Ohren sind mal wieder regelrecht &#8222;explodiert&#8220;.\u00a0 [&hellip;]<\/p>\n","protected":false},"author":2,"featured_media":0,"comment_status":"open","ping_status":"closed","sticky":false,"template":"","format":"standard","meta":{"ngg_post_thumbnail":0,"footnotes":""},"categories":[5],"tags":[],"class_list":["post-10427","post","type-post","status-publish","format-standard","hentry","category-wauzis"],"_links":{"self":[{"href":"http:\/\/www.demona.de\/blog\/index.php?rest_route=\/wp\/v2\/posts\/10427","targetHints":{"allow":["GET"]}}],"collection":[{"href":"http:\/\/www.demona.de\/blog\/index.php?rest_route=\/wp\/v2\/posts"}],"about":[{"href":"http:\/\/www.demona.de\/blog\/index.php?rest_route=\/wp\/v2\/types\/post"}],"author":[{"embeddable":true,"href":"http:\/\/www.demona.de\/blog\/index.php?rest_route=\/wp\/v2\/users\/2"}],"replies":[{"embeddable":true,"href":"http:\/\/www.demona.de\/blog\/index.php?rest_route=%2Fwp%2Fv2%2Fcomments&post=10427"}],"version-history":[{"count":4,"href":"http:\/\/www.demona.de\/blog\/index.php?rest_route=\/wp\/v2\/posts\/10427\/revisions"}],"predecessor-version":[{"id":10439,"href":"http:\/\/www.demona.de\/blog\/index.php?rest_route=\/wp\/v2\/posts\/10427\/revisions\/10439"}],"wp:attachment":[{"href":"http:\/\/www.demona.de\/blog\/index.php?rest_route=%2Fwp%2Fv2%2Fmedia&parent=10427"}],"wp:term":[{"taxonomy":"category","embeddable":true,"href":"http:\/\/www.demona.de\/blog\/index.php?rest_route=%2Fwp%2Fv2%2Fcategories&post=10427"},{"taxonomy":"post_tag","embeddable":true,"href":"http:\/\/www.demona.de\/blog\/index.php?rest_route=%2Fwp%2Fv2%2Ftags&post=10427"}],"curies":[{"name":"wp","href":"https:\/\/api.w.org\/{rel}","templated":true}]}}